{"id":513572,"date":"2018-01-04T13:47:23","date_gmt":"2018-01-04T19:47:23","guid":{"rendered":"https:\/\/www.futboltotal.com.mx\/?p=513572"},"modified":"2018-01-04T13:48:50","modified_gmt":"2018-01-04T19:48:50","slug":"la-previa-la-jornada-1-del-torneo-clausura-2018","status":"publish","type":"post","link":"http:\/\/desarrollo.grupomedios.com\/futbol\/destacado-home\/la-previa-la-jornada-1-del-torneo-clausura-2018\/2018\/01","title":{"rendered":"La previa de  la Jornada 1 del Torneo Clausura 2018"},"content":{"rendered":"<p><span id=\"ctl14_lblMostra\">Los <strong>Tigres de la UANL<\/strong>, campeones defensores, visitar\u00e1n este viernes al Puebla, amenazado con el descenso, en el partido que iniciar\u00e1 el <strong>torneo Clausura 2018<\/strong>, cuya fase regular se jugar\u00e1 hasta el 29 de abril.<\/p>\n<p>Dirigido por el entrenador brasile\u00f1o <strong>Ricardo Ferretti<\/strong>, los Tigres ganaron el Apertura 2016 al derrotar al Am\u00e9rica en serie de penaltis y fueron el mejor equipo de M\u00e9xico en el 2017 al alcanzar la final del Clausura, perdida con el Guadalajara, y ganar el Apertura al aventajar en la final al Monterrey, su rival m\u00e1s enconado.<\/p>\n<p>Con una l\u00ednea delantera encabezada por el franc\u00e9s <strong>Andr\u00e9 Pierre Gignac<\/strong>, el ecuatoriano <strong>Enner Valencia<\/strong> y el chileno <strong>Eduardo Vargas<\/strong>, los &#8216;felinos&#8217; de Ferretti son uno de los equipos m\u00e1s completos de la liga, con un medio campo compuesto por varias figuras de calidad, una defensa solvente y un portero de selecci\u00f3n nacional, el argentino Nahuel Guzm\u00e1n.<\/span><\/p>\n<p style=\"text-align: center;\"><span id=\"ctl14_lblMostra\"><span style=\"color: #333399;\"><a href=\"https:\/\/www.futboltotal.com.mx\/futbol-mexicano\/ricardo-ferretti-candidatos-dirigir-a-flamengo\/2018\/01\">VER M\u00c1S: <span class=\"item-title\">Ricardo Ferretti, entre candidatos para dirigir a Flamengo<\/span><\/a><\/span><\/span><\/p>\n<p style=\"text-align: left;\"><span id=\"ctl14_lblMostra\"><strong>Puebla<\/strong> necesita puntos porque si bien tiene al <strong>Quer\u00e9taro<\/strong> y al <strong>Veracruz<\/strong> en puntos de salida m\u00e1s desventajosos en la lucha por el no descenso, est\u00e1n obligados a sumar para no ser alcanzados y poner en riesgo la permanencia en Primera divisi\u00f3n.<\/p>\n<p>Este viernes el <strong>Atlas<\/strong> del defensa <strong>Rafa M\u00e1rquez<\/strong> recibir\u00e1 al <strong>Le\u00f3n<\/strong> en un partido entre dos cuadros clasificados a la liguilla del pasado Apertura, comprometidos con por lo menos alcanzar los cuartos de final este a\u00f1o.<\/p>\n<p>El s\u00e1bado los <strong>Rayados de Monterrey<\/strong> del entrenador argentino Antonio Mohamed recibir\u00e1n al <strong>Morelia<\/strong>, que entr\u00f3 en liguilla en los dos \u00faltimos campeonatos y, seg\u00fan su entrenador Roberto Hern\u00e1ndez, apostar\u00e1 al t\u00edtulo. Ser\u00e1 un duelo interesante porque Monterrey empieza el torneo herido luego de haber sido el mejor equipo del Apertura pero haber perdido la final ante Tigres, para colmo como local. El cuadro regio tratar\u00e1 de imponer condiciones desde temprano, pero tiene en contra el poco tiempo de pretemporada.<\/span><\/p>\n<p style=\"text-align: center;\"><span id=\"ctl14_lblMostra\"><span style=\"color: #333399;\"><a href=\"https:\/\/www.futboltotal.com.mx\/destacado-home\/descongelan-a-arbitro-la-jornada-1-del-clausura-2018\/2018\/01\">VER M\u00c1S: <span class=\"item-title\">Descongelan a \u00e1rbitro \u2018vetado\u2019 para la Jornada 1 del Clausura 2018<\/span><\/a><\/span><\/span><\/p>\n<p style=\"text-align: left;\"><span id=\"ctl14_lblMostra\"><span style=\"color: #333399;\"><\/span><strong>C<\/strong><\/span><span id=\"ctl14_lblMostra\"><strong>ruz Azul<\/strong>, que el mes pasado lleg\u00f3 a 20 a\u00f1os sin un t\u00edtulo de liga, recibir\u00e1 a los <strong>Xolos de Tijuana<\/strong> en el inicio de la era del portugu\u00e9s <strong>Pedro Caixinha<\/strong> como entrenador.<\/p>\n<p><strong>Pachuca<\/strong> recibir\u00e1 a los <strong>Pumas de la UNAM<\/strong> y <strong>Necaxa<\/strong> al <strong>Veracruz<\/strong> en los otros duelos del s\u00e1bado, mientras el domingo el <strong>Toluca<\/strong> recibir\u00e1 a las <strong>Chivas de Guadalajara<\/strong>, <strong>Quer\u00e9taro<\/strong> a las <strong>\u00c1guilas del Am\u00e9rica<\/strong> y <strong>Santos Laguna<\/strong> a los <strong>Lobos Buap<\/strong>.<\/p>\n<p>La fase regular del campeonato se extender\u00e1 por 17 fechas hasta el \u00faltimo domingo de abril cuando quedar\u00e1n decididos los <strong>ocho clasificados a la liguilla<\/strong> y el equipo que descender\u00e1. <\/span><\/p>\n<p style=\"text-align: center;\"><span style=\"color: #333399;\"><a href=\"https:\/\/www.futboltotal.com.mx\/futbol-mexicano\/angel-reyna-quiere-triunfar-en-toluca-ir-a-rusia-2018\/2018\/01\">VER M\u00c1S: <span class=\"item-title\">\u00c1ngel Reyna quiere triunfar en Toluca para ir a Rusia 2018<\/span><\/a><\/span><\/p>\n<p><em>(Con informaci\u00f3n de EFE)<\/em><\/p>\n","protected":false},"excerpt":{"rendered":"<p>El campe\u00f3n Tigres ser\u00e1 el encargado de dar apertura contra la Franja del Puebla<\/p>\n","protected":false},"author":160,"featured_media":513574,"comment_status":"closed","ping_status":"closed","sticky":false,"template":"","format":"standard","meta":[],"categories":[5,2198,3845],"tags":[9028,2322,8672],"_links":{"self":[{"href":"http:\/\/desarrollo.grupomedios.com\/futbol\/wp-json\/wp\/v2\/posts\/513572"}],"collection":[{"href":"http:\/\/desarrollo.grupomedios.com\/futbol\/wp-json\/wp\/v2\/posts"}],"about":[{"href":"http:\/\/desarrollo.grupomedios.com\/futbol\/wp-json\/wp\/v2\/types\/post"}],"author":[{"embeddable":true,"href":"http:\/\/desarrollo.grupomedios.com\/futbol\/wp-json\/wp\/v2\/users\/160"}],"replies":[{"embeddable":true,"href":"http:\/\/desarrollo.grupomedios.com\/futbol\/wp-json\/wp\/v2\/comments?post=513572"}],"version-history":[{"count":1,"href":"http:\/\/desarrollo.grupomedios.com\/futbol\/wp-json\/wp\/v2\/posts\/513572\/revisions"}],"predecessor-version":[{"id":513575,"href":"http:\/\/desarrollo.grupomedios.com\/futbol\/wp-json\/wp\/v2\/posts\/513572\/revisions\/513575"}],"wp:featuredmedia":[{"embeddable":true,"href":"http:\/\/desarrollo.grupomedios.com\/futbol\/wp-json\/wp\/v2\/media\/513574"}],"wp:attachment":[{"href":"http:\/\/desarrollo.grupomedios.com\/futbol\/wp-json\/wp\/v2\/media?parent=513572"}],"wp:term":[{"taxonomy":"category","embeddable":true,"href":"http:\/\/desarrollo.grupomedios.com\/futbol\/wp-json\/wp\/v2\/categories?post=513572"},{"taxonomy":"post_tag","embeddable":true,"href":"http:\/\/desarrollo.grupomedios.com\/futbol\/wp-json\/wp\/v2\/tags?post=513572"}],"curies":[{"name":"wp","href":"https:\/\/api.w.org\/{rel}","templated":true}]}}