{"id":513580,"date":"2018-01-04T14:38:15","date_gmt":"2018-01-04T20:38:15","guid":{"rendered":"https:\/\/www.futboltotal.com.mx\/?p=513580"},"modified":"2018-01-04T14:39:07","modified_gmt":"2018-01-04T20:39:07","slug":"veracruz-firma-al-portero-peruano-carlos-caceda","status":"publish","type":"post","link":"http:\/\/desarrollo.grupomedios.com\/futbol\/futbol-mexicano\/veracruz-firma-al-portero-peruano-carlos-caceda\/2018\/01","title":{"rendered":"Veracruz firma al portero peruano Carlos C\u00e1ceda"},"content":{"rendered":"<p>Los<strong> Tiburones Rojos de Veracruz<\/strong> se hicieron con el guardameta de Per\u00fa\u00a0<b>Carlos C\u00e1ceda<\/b>, quien ya pas\u00f3 los ex\u00e1menes m\u00e9dicos pertinentes para sumarse a la<strong> Liga MX<\/strong>, sin embargo no jugar\u00eda el <a href=\"https:\/\/www.futboltotal.com.mx\/futbol-mexicano\/liga-mx\/la-previa-la-jornada-1-del-torneo-clausura-2018\/2018\/01\" target=\"_blank\" rel=\"noopener\"><strong>Clausura 2018<\/strong><\/a> con los escualos, pues ese puesto lo ocupa el tambi\u00e9n peruano <strong>Pedro Gallese<\/strong>, ser\u00eda prestado a otro club mexicano.<\/p>\n<p style=\"text-align: center;\"><a href=\"https:\/\/www.futboltotal.com.mx\/futbol-mexicano\/liga-mx\/oswaldo-alanis-tendria-dos-destinos-europa-mls\/2018\/01\">VER M\u00c1S: Oswaldo Alan\u00eds tendr\u00eda dos destinos; Europa o MLS<\/a><\/p>\n<p>De acuerdo con\u00a0Cristian Lagrotta, representante del portero de 26 a\u00f1os firm\u00f3 un contrato por tres a\u00f1os, pero esta primera temporada jugar\u00e1 con otro equipo en pr\u00e9stamo, las opciones que parecen m\u00e1s viables son <a href=\"https:\/\/www.futboltotal.com.mx\/futbol-mexicano\/liga-mx\/damian-musto-xolos-habria-dado-doping-positivo\/2017\/12\" target=\"_blank\" rel=\"noopener\"><strong>Xolos de Tijuana<\/strong><\/a> y <strong>Puebla<\/strong>, pues estas dos instituciones son del mismo grupo de empresarios due\u00f1os de su pase.<\/p>\n<blockquote class=\"twitter-tweet\" data-lang=\"es\">\n<p dir=\"ltr\" lang=\"es\">El arquero peruano Carlos C\u00e1ceda lleg\u00f3 a M\u00e9xico y aprob\u00f3 con \u00e9xito los ex\u00e1menes f\u00edsicos y m\u00e9dicos en los Laboratorios El <a href=\"https:\/\/twitter.com\/chopo_cercadeti?ref_src=twsrc%5Etfw\">@chopo_cercadeti<\/a>.<\/p>\n<p>\u200d\u2695\u2705 <a href=\"https:\/\/t.co\/iKIlGDUwmj\">pic.twitter.com\/iKIlGDUwmj<\/a><\/p>\n<p>\u2014 Tiburones Rojos (@ClubTiburones) <a href=\"https:\/\/twitter.com\/ClubTiburones\/status\/948979268964425728?ref_src=twsrc%5Etfw\">4 de enero de 2018<\/a><\/p><\/blockquote>\n<p><script async src=\"https:\/\/platform.twitter.com\/widgets.js\" charset=\"utf-8\"><\/script><\/p>\n<p>La motivaci\u00f3n del guardameta peruano es lograr tener minutos y pelear por el puesto titular dentro de la <a href=\"https:\/\/www.futboltotal.com.mx\/copa-mundial-de-futbol-2018\/principales-home-mundial\/nahuel-marchesin-podrian-titulares-en-rusia-2018\" target=\"_blank\" rel=\"noopener\"><strong>Copa del Mundo de Rusia 2018<\/strong><\/a>, su competencia con los fronterizos ser\u00eda <strong>Gibr\u00e1n Lajud y Mois\u00e9s Mu\u00f1oz<\/strong> en el cuadro camotero, por lo que deber\u00e1 pelear un puesto para ganarse la titularidad en el Clausura 2018.<\/p>\n<blockquote class=\"twitter-tweet\" data-lang=\"es\">\n<p dir=\"ltr\" lang=\"es\"><a href=\"https:\/\/twitter.com\/hashtag\/NOTA?src=hash&amp;ref_src=twsrc%5Etfw\">#NOTA<\/a> Carlos C\u00e1ceda ya est\u00e1 en M\u00e9xico <a href=\"https:\/\/t.co\/YelT4MrcVC\">https:\/\/t.co\/YelT4MrcVC<\/a> <a href=\"https:\/\/twitter.com\/hashtag\/MeRifoPorTi?src=hash&amp;ref_src=twsrc%5Etfw\">#MeRifoPorTi<\/a> <a href=\"https:\/\/t.co\/4PjwUiNlrT\">pic.twitter.com\/4PjwUiNlrT<\/a><\/p>\n<p>\u2014 Tiburones Rojos (@ClubTiburones) <a href=\"https:\/\/twitter.com\/ClubTiburones\/status\/948992589251907585?ref_src=twsrc%5Etfw\">4 de enero de 2018<\/a><\/p><\/blockquote>\n<p><script async src=\"https:\/\/platform.twitter.com\/widgets.js\" charset=\"utf-8\"><\/script><\/p>\n<p style=\"text-align: center;\"><a href=\"https:\/\/www.futboltotal.com.mx\/futbol-mexicano\/liga-mx\/ricardo-ferretti-candidatos-dirigir-a-flamengo\/2018\/01\">VER M\u00c1S: Ricardo Ferretti, entre candidatos para dirigir a Flamengo<\/a><\/p>\n<p>&nbsp;<\/p>\n","protected":false},"excerpt":{"rendered":"<p>El cuadro escualo prestar\u00eda al guardameta peruano a otro club de la Liga MX<\/p>\n","protected":false},"author":159,"featured_media":513583,"comment_status":"closed","ping_status":"closed","sticky":false,"template":"","format":"standard","meta":[],"categories":[2198,3845],"tags":[11510,9028,64,6049],"_links":{"self":[{"href":"http:\/\/desarrollo.grupomedios.com\/futbol\/wp-json\/wp\/v2\/posts\/513580"}],"collection":[{"href":"http:\/\/desarrollo.grupomedios.com\/futbol\/wp-json\/wp\/v2\/posts"}],"about":[{"href":"http:\/\/desarrollo.grupomedios.com\/futbol\/wp-json\/wp\/v2\/types\/post"}],"author":[{"embeddable":true,"href":"http:\/\/desarrollo.grupomedios.com\/futbol\/wp-json\/wp\/v2\/users\/159"}],"replies":[{"embeddable":true,"href":"http:\/\/desarrollo.grupomedios.com\/futbol\/wp-json\/wp\/v2\/comments?post=513580"}],"version-history":[{"count":2,"href":"http:\/\/desarrollo.grupomedios.com\/futbol\/wp-json\/wp\/v2\/posts\/513580\/revisions"}],"predecessor-version":[{"id":513587,"href":"http:\/\/desarrollo.grupomedios.com\/futbol\/wp-json\/wp\/v2\/posts\/513580\/revisions\/513587"}],"wp:featuredmedia":[{"embeddable":true,"href":"http:\/\/desarrollo.grupomedios.com\/futbol\/wp-json\/wp\/v2\/media\/513583"}],"wp:attachment":[{"href":"http:\/\/desarrollo.grupomedios.com\/futbol\/wp-json\/wp\/v2\/media?parent=513580"}],"wp:term":[{"taxonomy":"category","embeddable":true,"href":"http:\/\/desarrollo.grupomedios.com\/futbol\/wp-json\/wp\/v2\/categories?post=513580"},{"taxonomy":"post_tag","embeddable":true,"href":"http:\/\/desarrollo.grupomedios.com\/futbol\/wp-json\/wp\/v2\/tags?post=513580"}],"curies":[{"name":"wp","href":"https:\/\/api.w.org\/{rel}","templated":true}]}}