{"id":513599,"date":"2018-01-04T16:31:32","date_gmt":"2018-01-04T22:31:32","guid":{"rendered":"https:\/\/www.futboltotal.com.mx\/?p=513599"},"modified":"2018-01-04T16:31:32","modified_gmt":"2018-01-04T22:31:32","slug":"pablo-barrera-abraham-pumas-2-semanas","status":"publish","type":"post","link":"http:\/\/desarrollo.grupomedios.com\/futbol\/futbol-mexicano\/pablo-barrera-abraham-pumas-2-semanas\/2018\/01","title":{"rendered":"Pablo Barrera y Abraham, fuera de Pumas por 2 semanas"},"content":{"rendered":"<p>El cuadro de <strong>Pumas de la UNAM<\/strong> ha empezado mal el torneo<strong> Clausura 2018<\/strong> a\u00fan cuando no ha comenzado a rodar el bal\u00f3n en el terreno de juego pues sufrir\u00e1 la baja de dos elementos para comenzar el certamen, pues <strong>Pablo Barrera y Abraham Gonz\u00e1lez<\/strong> ser\u00e1n baja del plantel por al menos dos semanas, as\u00ed lo inform\u00f3 el conjunto auriazul a trav\u00e9s de un comunicado.<\/p>\n<div class=\"_2cuy _3dgx _2vxa\">\n<p>&#8220;Pablo Barrera sufri\u00f3 una ca\u00edda durante el entrenamiento de este mi\u00e9rcoles 3 de enero, lo cual le gener\u00f3 una luxaci\u00f3n acromioclavicular en el hombro izquierdo. Su participaci\u00f3n para el juego de la jornada 1 contra Pachuca estar\u00e1 sujeta a su evoluci\u00f3n&#8221;, inform\u00f3 el cuadro universitario, sin embargo se espera que no est\u00e9 presente dentro de las dos primeras jornadas ante los <strong>Tuzos y Atlas.<\/strong><\/p>\n<p style=\"text-align: center;\"><a href=\"https:\/\/www.futboltotal.com.mx\/futbol-mexicano\/ascenso-mx\/martin-zuniga-llegaria-al-derby-county-inglaterra\/2018\/01\">VER M\u00c1S: Mart\u00edn Z\u00fa\u00f1iga llegar\u00eda al Derby County de Inglaterra<\/a><\/p>\n<p>Aunque han indicado varios medios que podr\u00eda ser una baja de 6 a 8 meses pero al momento las dos semanas son las que ha indicado el cuadro universitario a trav\u00e9s del comunicado.<\/p>\n<div>\n<p>Mientras que al respecto de <strong>Abraham Gonz\u00e1lez<\/strong> acotaron &#8220;se recupera de un golpe en una costilla y estar\u00e1 fuera de las canchas un par de semanas m\u00e1s&#8221;, por lo que de igual manera se perder\u00e1 los dos primeros duelos del Clausura 2018.<\/p>\n<p style=\"text-align: center;\"><a href=\"https:\/\/www.futboltotal.com.mx\/futbol-mexicano\/liga-mx\/darwin-quintero-dejaria-al-america-regresar-a-colombia\/2018\/01\">VER M\u00c1S: Darwin Quintero dejar\u00eda al Am\u00e9rica para regresar a Colombia<\/a><\/p>\n<\/div>\n<\/div>\n","protected":false},"excerpt":{"rendered":"<p>El equipo universitario tendr\u00e1 dos bajas sensibles para el comienzo del Clausura 2018<\/p>\n","protected":false},"author":159,"featured_media":513602,"comment_status":"closed","ping_status":"closed","sticky":false,"template":"","format":"standard","meta":[],"categories":[2198,3845],"tags":[8582,64,82,74],"_links":{"self":[{"href":"http:\/\/desarrollo.grupomedios.com\/futbol\/wp-json\/wp\/v2\/posts\/513599"}],"collection":[{"href":"http:\/\/desarrollo.grupomedios.com\/futbol\/wp-json\/wp\/v2\/posts"}],"about":[{"href":"http:\/\/desarrollo.grupomedios.com\/futbol\/wp-json\/wp\/v2\/types\/post"}],"author":[{"embeddable":true,"href":"http:\/\/desarrollo.grupomedios.com\/futbol\/wp-json\/wp\/v2\/users\/159"}],"replies":[{"embeddable":true,"href":"http:\/\/desarrollo.grupomedios.com\/futbol\/wp-json\/wp\/v2\/comments?post=513599"}],"version-history":[{"count":1,"href":"http:\/\/desarrollo.grupomedios.com\/futbol\/wp-json\/wp\/v2\/posts\/513599\/revisions"}],"predecessor-version":[{"id":513604,"href":"http:\/\/desarrollo.grupomedios.com\/futbol\/wp-json\/wp\/v2\/posts\/513599\/revisions\/513604"}],"wp:featuredmedia":[{"embeddable":true,"href":"http:\/\/desarrollo.grupomedios.com\/futbol\/wp-json\/wp\/v2\/media\/513602"}],"wp:attachment":[{"href":"http:\/\/desarrollo.grupomedios.com\/futbol\/wp-json\/wp\/v2\/media?parent=513599"}],"wp:term":[{"taxonomy":"category","embeddable":true,"href":"http:\/\/desarrollo.grupomedios.com\/futbol\/wp-json\/wp\/v2\/categories?post=513599"},{"taxonomy":"post_tag","embeddable":true,"href":"http:\/\/desarrollo.grupomedios.com\/futbol\/wp-json\/wp\/v2\/tags?post=513599"}],"curies":[{"name":"wp","href":"https:\/\/api.w.org\/{rel}","templated":true}]}}