{"id":513619,"date":"2018-01-04T20:55:23","date_gmt":"2018-01-05T02:55:23","guid":{"rendered":"https:\/\/www.futboltotal.com.mx\/?p=513619"},"modified":"2018-01-04T20:58:09","modified_gmt":"2018-01-05T02:58:09","slug":"raul-ruidiaz-salvo-a-monarcas-del-descenso-e-historia-peru-en-mundial","status":"publish","type":"post","link":"http:\/\/desarrollo.grupomedios.com\/futbol\/videos\/raul-ruidiaz-salvo-a-monarcas-del-descenso-e-historia-peru-en-mundial\/2018\/01","title":{"rendered":"Ra\u00fal Ruid\u00edaz, salv\u00f3 a Monarcas del descenso e hizo historia con Per\u00fa en el Mundial"},"content":{"rendered":"<p>El futbolista peruano <strong>Ra\u00fal Ruid\u00edaz<\/strong> se ha convertido en parte de la generaci\u00f3n hist\u00f3rica que ha devuelto a <strong>Per\u00fa<\/strong> a una Copa del Mundo.<\/p>\n<p>El delantero de 27 a\u00f1os ha vivido grandes momentos en el futbol mexicano con <strong>Monarcas Morelia<\/strong>, con quien ha sido bicampe\u00f3n de goleo en el Torneo Apertura 2016 y Clausura 2017.<\/p>\n<p>Pero c\u00f3mo se dio la historia de la llegada de Ruid\u00edaz a la<strong> Liga MX.<\/strong> El artillero inca nos cuenta c\u00f3mo se dio el contacto con los purepechas, quienes fueron los encargados de traerlo al futbol mexicano, como uno de sus mejores fichajes de los \u00faltimos a\u00f1os.<\/p>\n<p style=\"text-align: center;\"><span style=\"color: #333399;\"><a href=\"https:\/\/www.futboltotal.com.mx\/destacado-home\/delgadillo-chacon-se-quedan-sin-gafete-fifa-30-fueron-los-elegidos\/2018\/01\">VER M\u00c1S: <span class=\"item-title\">Delgadillo y Chac\u00f3n se quedan sin gafete FIFA; 30 fueron los elegidos<\/span><\/a><\/span><\/p>\n<p>&#8220;Desde 2014 vino <strong>\u00c1ngel David Comizzo<\/strong>, quien fue el hombre que me recomend\u00f3, y tras dos a\u00f1os se dio la oportunidad de llegar a M\u00e9xico&#8221;, se\u00f1al\u00f3 Ra\u00fal Ruid\u00edaz.<\/p>\n<p>El delantero peruano confirm\u00f3 que no se arrepiente de haber llegado a la Liga MX, ya que es una de las ligas m\u00e1s competitivas del futbol mundial, con <strong>jugadores de talla mundial<\/strong>, y son cosas que no se ven en su pa\u00eds.<\/p>\n<p>Uno de los momentos m\u00e1s complicados de su carrera coment\u00f3 Ra\u00fal Ruid\u00edaz fue cuando estuvo con Monarcas Morelia peleando <strong>el descenso<\/strong>.<\/p>\n<p style=\"text-align: center;\"><span style=\"color: #333399;\"><a href=\"https:\/\/www.futboltotal.com.mx\/futbol-mexicano\/pablo-barrera-abraham-pumas-2-semanas\/2018\/01\">VER M\u00c1S: <span class=\"item-title\">Pablo Barrera y Abraham, fuera de Pumas por 2 semanas<\/span><\/a><\/span><\/p>\n<p>&#8220;Pelear por un descenso fue muy complicado, <strong>estar con la presi\u00f3n<\/strong>, ganar un partido y nos va bien, un a\u00f1o muy sufrido, y gracias a Dios la termin\u00e9 muy bien&#8221;, afirm\u00f3 el inca.<\/p>\n<p>El sue\u00f1o de Ra\u00fal Ruid\u00edaz es llegar en el Viejo Continente. <strong>Holanda y Portugal<\/strong> son los dos lugares donde le gustar\u00eda jugar al futbol.<\/p>\n<p>Y sabes cu\u00e1l es el gol m\u00e1s importante en la carrera de Ra\u00fal Ruid\u00edaz, no te lo pierdas en el video&#8230;<\/p>\n<p>[video_player]https:\/\/player.vimeo.com\/external\/249748327.hd.mp4?s=5b10d1d5138672544d7392ba8b4cc33f3c159749&amp;profile_id=175[\/video_player]<\/p>\n<p>&nbsp;<\/p>\n<p>&nbsp;<\/p>\n","protected":false},"excerpt":{"rendered":"<p>El delantero peruano ha sido bicampe\u00f3n de goleo en el futbol mexicano<\/p>\n","protected":false},"author":160,"featured_media":513623,"comment_status":"closed","ping_status":"closed","sticky":false,"template":"","format":"standard","meta":[],"categories":[5,2198,3845,4],"tags":[9028,85,722,7620],"_links":{"self":[{"href":"http:\/\/desarrollo.grupomedios.com\/futbol\/wp-json\/wp\/v2\/posts\/513619"}],"collection":[{"href":"http:\/\/desarrollo.grupomedios.com\/futbol\/wp-json\/wp\/v2\/posts"}],"about":[{"href":"http:\/\/desarrollo.grupomedios.com\/futbol\/wp-json\/wp\/v2\/types\/post"}],"author":[{"embeddable":true,"href":"http:\/\/desarrollo.grupomedios.com\/futbol\/wp-json\/wp\/v2\/users\/160"}],"replies":[{"embeddable":true,"href":"http:\/\/desarrollo.grupomedios.com\/futbol\/wp-json\/wp\/v2\/comments?post=513619"}],"version-history":[{"count":2,"href":"http:\/\/desarrollo.grupomedios.com\/futbol\/wp-json\/wp\/v2\/posts\/513619\/revisions"}],"predecessor-version":[{"id":513632,"href":"http:\/\/desarrollo.grupomedios.com\/futbol\/wp-json\/wp\/v2\/posts\/513619\/revisions\/513632"}],"wp:featuredmedia":[{"embeddable":true,"href":"http:\/\/desarrollo.grupomedios.com\/futbol\/wp-json\/wp\/v2\/media\/513623"}],"wp:attachment":[{"href":"http:\/\/desarrollo.grupomedios.com\/futbol\/wp-json\/wp\/v2\/media?parent=513619"}],"wp:term":[{"taxonomy":"category","embeddable":true,"href":"http:\/\/desarrollo.grupomedios.com\/futbol\/wp-json\/wp\/v2\/categories?post=513619"},{"taxonomy":"post_tag","embeddable":true,"href":"http:\/\/desarrollo.grupomedios.com\/futbol\/wp-json\/wp\/v2\/tags?post=513619"}],"curies":[{"name":"wp","href":"https:\/\/api.w.org\/{rel}","templated":true}]}}