{"id":513634,"date":"2018-01-04T20:53:24","date_gmt":"2018-01-05T02:53:24","guid":{"rendered":"https:\/\/www.futboltotal.com.mx\/?p=513634"},"modified":"2018-01-04T20:53:24","modified_gmt":"2018-01-05T02:53:24","slug":"arbitro-la-liga-mx-se-queja-bullying","status":"publish","type":"post","link":"http:\/\/desarrollo.grupomedios.com\/futbol\/destacado-home\/arbitro-la-liga-mx-se-queja-bullying\/2018\/01","title":{"rendered":"\u00c1rbitro de la Liga MX se queja de &#8220;bullying&#8221;"},"content":{"rendered":"<p>Uno de los \u00e1rbitros que tendr\u00e1 actividad esta semana inaugural en el futbol mexicano es <strong>Luis Enrique Santander<\/strong>, quien seguro lo recuerdan por ser el silbante que dirigi\u00f3 todos los juegos de vuelta en las fases de cuartos, semifinales y Final a las <strong>Chivas Rayadas del Guadalajara<\/strong> que lograron el t\u00edtulo del <strong>Clausura 2017<\/strong>, con un arbitraje muy pol\u00e9mico del galeno.<\/p>\n<p>Santander coment\u00f3 en una entrevista para <em>Mediotiempo<\/em> que la situaci\u00f3n que vive actualmente es muy complicada por lo acontecido en aquella final, y sufre mucho en sus redes sociales.<\/p>\n<p>La afici\u00f3n <strong>&#8220;le carga la mano en redes sociales&#8221;<\/strong>, e incluso cuando lo ven en la calle tambi\u00e9n le han llegado a decir alguna situaci\u00f3n referente al partido.<\/p>\n<p style=\"text-align: center;\"><span style=\"color: #333399;\"><a href=\"https:\/\/www.futboltotal.com.mx\/destacado-home\/delgadillo-chacon-se-quedan-sin-gafete-fifa-30-fueron-los-elegidos\/2018\/01\">VER M\u00c1S: <span class=\"item-title\">Delgadillo y Chac\u00f3n se quedan sin gafete FIFA; 30 fueron los elegidos<\/span><\/a><\/span><\/p>\n<p>&#8220;He vivido algunos momentos desafortunados, sobretodo en las redes sociales, donde he sido muy atacado, pero debo aceptar que he visto muchas veces la jugada donde <strong>Jair Pereira<\/strong> toc\u00f3 a <strong>Ismael Sosa<\/strong> dentro del \u00e1rea, y \u00e9ste cay\u00f3. La realidad es que no me arrepiento de la marcaci\u00f3n&#8221;, coment\u00f3 Santander.<\/p>\n<p>(Con informaci\u00f3n de Mediotiempo)<\/p>\n<p>&nbsp;<\/p>\n","protected":false},"excerpt":{"rendered":"<p>Luis Enrique Santander, \u00e1rbitro de aquella final entre Chivas y Tigres, se quej\u00f3 de sufrir &#8220;bullying&#8221; tras la pol\u00e9mica en el partido<\/p>\n","protected":false},"author":160,"featured_media":513635,"comment_status":"closed","ping_status":"closed","sticky":false,"template":"","format":"standard","meta":[],"categories":[5,2198,3845],"tags":[70,11514,9276,5973],"_links":{"self":[{"href":"http:\/\/desarrollo.grupomedios.com\/futbol\/wp-json\/wp\/v2\/posts\/513634"}],"collection":[{"href":"http:\/\/desarrollo.grupomedios.com\/futbol\/wp-json\/wp\/v2\/posts"}],"about":[{"href":"http:\/\/desarrollo.grupomedios.com\/futbol\/wp-json\/wp\/v2\/types\/post"}],"author":[{"embeddable":true,"href":"http:\/\/desarrollo.grupomedios.com\/futbol\/wp-json\/wp\/v2\/users\/160"}],"replies":[{"embeddable":true,"href":"http:\/\/desarrollo.grupomedios.com\/futbol\/wp-json\/wp\/v2\/comments?post=513634"}],"version-history":[{"count":1,"href":"http:\/\/desarrollo.grupomedios.com\/futbol\/wp-json\/wp\/v2\/posts\/513634\/revisions"}],"predecessor-version":[{"id":513636,"href":"http:\/\/desarrollo.grupomedios.com\/futbol\/wp-json\/wp\/v2\/posts\/513634\/revisions\/513636"}],"wp:featuredmedia":[{"embeddable":true,"href":"http:\/\/desarrollo.grupomedios.com\/futbol\/wp-json\/wp\/v2\/media\/513635"}],"wp:attachment":[{"href":"http:\/\/desarrollo.grupomedios.com\/futbol\/wp-json\/wp\/v2\/media?parent=513634"}],"wp:term":[{"taxonomy":"category","embeddable":true,"href":"http:\/\/desarrollo.grupomedios.com\/futbol\/wp-json\/wp\/v2\/categories?post=513634"},{"taxonomy":"post_tag","embeddable":true,"href":"http:\/\/desarrollo.grupomedios.com\/futbol\/wp-json\/wp\/v2\/tags?post=513634"}],"curies":[{"name":"wp","href":"https:\/\/api.w.org\/{rel}","templated":true}]}}