{"id":513646,"date":"2018-01-05T11:31:25","date_gmt":"2018-01-05T17:31:25","guid":{"rendered":"https:\/\/www.futboltotal.com.mx\/?p=513646"},"modified":"2018-01-05T11:31:25","modified_gmt":"2018-01-05T17:31:25","slug":"tigres-compra-a-joya-jordan-sierra-lo-presta-a-lobos-buap","status":"publish","type":"post","link":"http:\/\/desarrollo.grupomedios.com\/futbol\/futbol-mexicano\/tigres-compra-a-joya-jordan-sierra-lo-presta-a-lobos-buap\/2018\/01","title":{"rendered":"Tigres compra a joya Jordan Sierra y lo presta a Lobos BUAP"},"content":{"rendered":"<p>El cuadro de <strong>Tigres UANL<\/strong> ha sabido hacer su negocio redondo y ahora se ha hecho con el 80% del pase del futbolista de 20 a\u00f1os, <strong>Jordan Sierra<\/strong>, mediocampista ecuatoriano que ha estado en la mira del <a href=\"https:\/\/www.futboltotal.com.mx\/futbol-internacional\/liga-de-inglaterra\/manchester-city-la-potencia-financiera-del-futbol\/2018\/01\" target=\"_blank\" rel=\"noopener\"><strong>Manchester City<\/strong><\/a>, incluso fue un pedido del estratega\u00a0<strong>Pep Guardiola<\/strong>, quien lo vio en el sudamericano Sub 20, pero los Felinos ya lograron hacerse con el jugador.<\/p>\n<p>El jugador que ha estado en el <strong>Manta FC y el Delf\u00edn FC<\/strong> de su pa\u00eds jugar\u00e1 el <strong>Clausura 2018<\/strong> en la <strong>Liga MX,<\/strong> pero no lo har\u00e1 con el cuadro de Tigres, pues lo prestar\u00e1 a<strong> Lobos BUAP<\/strong>, tal y como hiciera con el colombiano <a href=\"https:\/\/www.futboltotal.com.mx\/futbol-mexicano\/liga-mx\/tigres-anuncia-la-llegada-del-colombiano-arley-rodriguez\/2017\/12\" target=\"_blank\" rel=\"noopener\"><strong>Arley Rodr\u00edguez<\/strong><\/a> a quien de igual forma prest\u00f3 para el equipo lic\u00e1ntropo.<\/p>\n<p style=\"text-align: center;\"><a href=\"https:\/\/www.futboltotal.com.mx\/futbol-mexicano\/liga-mx\/jeremy-menez-refuerzo-america-esta-estancado-2015\/2018\/01\">VER M\u00c1S: J\u00e9r\u00e9my M\u00e9nez, refuerzo de Am\u00e9rica, estancado desde 2015<\/a><\/p>\n<p>Su capacidad en el mediocampo es total, puede jugar como un enganche y de igual forma desempe\u00f1ar actividades defensivas; por otro lado, tambi\u00e9n tiene cualidades para jugar por el costado izquierdo, esta polivalencia fueron las que llevaron a los <strong>Citizens<\/strong> a mandar scouts par verle de cerca, pero ahora ha llegado al futbol azteca.<\/p>\n<p>En el \u00faltimo a\u00f1o jug\u00f3 34 partidos y logr\u00f3 anotar 2 goles, aunque sus cualidades son m\u00e1s de asistente. Jugar\u00e1 en Lobos junto a su compatriota <a href=\"https:\/\/www.futboltotal.com.mx\/futbol-mexicano\/liga-mx\/lobos-buap-tendra-refuerzo-ecuatoriano\/2017\/12\" target=\"_blank\" rel=\"noopener\"><strong>Gabriel Cort\u00e9z<\/strong><\/a> quien tambi\u00e9n llegara para este semestre a reforzar al equipo.<\/p>\n<p style=\"text-align: center;\"><a href=\"https:\/\/www.futboltotal.com.mx\/futbol-mexicano\/liga-mx\/rayados-haria-intercambio-futbolistas-palmeiras\/2018\/01\">VER M\u00c1S: Rayados har\u00eda intercambio de futbolistas con Palmeiras<\/a><\/p>\n","protected":false},"excerpt":{"rendered":"<p>El ecuatoriano era pretendido por el Manchester City de Pep Guardiola<\/p>\n","protected":false},"author":159,"featured_media":513647,"comment_status":"closed","ping_status":"closed","sticky":false,"template":"","format":"standard","meta":[],"categories":[2198,3845],"tags":[9028,11517,64,431,570],"_links":{"self":[{"href":"http:\/\/desarrollo.grupomedios.com\/futbol\/wp-json\/wp\/v2\/posts\/513646"}],"collection":[{"href":"http:\/\/desarrollo.grupomedios.com\/futbol\/wp-json\/wp\/v2\/posts"}],"about":[{"href":"http:\/\/desarrollo.grupomedios.com\/futbol\/wp-json\/wp\/v2\/types\/post"}],"author":[{"embeddable":true,"href":"http:\/\/desarrollo.grupomedios.com\/futbol\/wp-json\/wp\/v2\/users\/159"}],"replies":[{"embeddable":true,"href":"http:\/\/desarrollo.grupomedios.com\/futbol\/wp-json\/wp\/v2\/comments?post=513646"}],"version-history":[{"count":1,"href":"http:\/\/desarrollo.grupomedios.com\/futbol\/wp-json\/wp\/v2\/posts\/513646\/revisions"}],"predecessor-version":[{"id":513648,"href":"http:\/\/desarrollo.grupomedios.com\/futbol\/wp-json\/wp\/v2\/posts\/513646\/revisions\/513648"}],"wp:featuredmedia":[{"embeddable":true,"href":"http:\/\/desarrollo.grupomedios.com\/futbol\/wp-json\/wp\/v2\/media\/513647"}],"wp:attachment":[{"href":"http:\/\/desarrollo.grupomedios.com\/futbol\/wp-json\/wp\/v2\/media?parent=513646"}],"wp:term":[{"taxonomy":"category","embeddable":true,"href":"http:\/\/desarrollo.grupomedios.com\/futbol\/wp-json\/wp\/v2\/categories?post=513646"},{"taxonomy":"post_tag","embeddable":true,"href":"http:\/\/desarrollo.grupomedios.com\/futbol\/wp-json\/wp\/v2\/tags?post=513646"}],"curies":[{"name":"wp","href":"https:\/\/api.w.org\/{rel}","templated":true}]}}