{"id":513650,"date":"2018-01-05T14:55:59","date_gmt":"2018-01-05T20:55:59","guid":{"rendered":"https:\/\/www.futboltotal.com.mx\/?p=513650"},"modified":"2018-01-05T14:59:47","modified_gmt":"2018-01-05T20:59:47","slug":"los-reyes-magos-del-barcelona","status":"publish","type":"post","link":"http:\/\/desarrollo.grupomedios.com\/futbol\/uncategorized\/los-reyes-magos-del-barcelona\/2018\/01","title":{"rendered":"\u00a1Los Reyes Magos del Barcelona!"},"content":{"rendered":"<p>Despu\u00e9s del entrenamiento a puertas abiertas en el <em>Miniestadi,<\/em> en donde asistieron m\u00e1s de 12 mil personas, el plantel del <strong>Barcelona<\/strong> decidi\u00f3 seguir sorprendiendo a sus fan\u00e1ticos. Todo el plantel, cuerpo t\u00e9cnico, dirigentes y miembros del staff, <strong>decidieron adelantar los festejos del 6 de enero visitando varios hospitales de la ciudad<\/strong> llevando todo tipo de regalos, pero sobretodo, la enorme oportunidad de conocer a las estrellas m\u00e1s importantes del f\u00fatbol internacional.<\/p>\n<p>As\u00ed, todo el equipo humano de la gran instituci\u00f3n se dividi\u00f3 en varios grupos, para as\u00ed poder ir a varios centros asistenciales y darles a los ni\u00f1os un momento verdaderamente inolvidable.<\/p>\n<p><strong>Messi, Su\u00e1rez, Jos\u00e9 Ram\u00f3n De La Fuente<\/strong> y <strong>Maria Teixidor<\/strong> sorprendieron a los ni\u00f1os del hospital de<em> Sant Pau.<\/em> Y por supuesto, fue un mar de emociones.<\/p>\n<p><strong>Semedo, Rakitic, Iniesta, Vermaelen, Digne, Ernesto Valverde, Josep Maria Bartomeu<\/strong> y <strong>Jordi Cardoner<\/strong> fueron al hospital<em> <strong>Sant Joan de D\u00e9u.<\/strong><\/em> <strong>Demb\u00e9l\u00e9, Paco Alc\u00e1cer, Ter Stegen, Umtiti, Jon Aspiazu<\/strong> y <strong>Pau Vilanova<\/strong> hicieron lo mismo en el hospital <em>Vall d&#8217;Hebron.<\/em><strong> Andr\u00e9 Gomes, Aleix Vidal, Joan Barbar\u00e0<\/strong> y <strong>Jordi Calsamiglia<\/strong> asistieron al hospital <em>Universitari Germans Trias y Pujol.<\/em><strong> Jordi Alba, Sergi Roberto, J. A. Pozanco<\/strong> y <strong>Javier Bordas<\/strong> acudieron al <em>Hospital de Barcelona.<\/em><strong> Sergio Busquets<\/strong> y <strong>Josep Ramon Vidal-Abarc<\/strong>a se hicieron presentes en el hospital\u00a0<em>Parc Taul\u00ed.<\/em> <strong>Rafinha, Paulinho, Antonio G\u00f3mez<\/strong> y <strong>Emili Rousaud<\/strong> al <em>Cottolengo Padre Alegre.<\/em> Finalmente, <strong>Denis Su\u00e1rez, Piqu\u00e9<\/strong> y <strong>D\u00eddac Lee<\/strong> sorprendieron a los ni\u00f1os de la <em>Casa Ronald McDonald.<\/em><\/p>\n<p>Aqu\u00ed algunas im\u00e1genes de esta noble celebraci\u00f3n:<\/p>\n<blockquote class=\"twitter-video\" data-lang=\"es\">\n<p dir=\"ltr\" lang=\"und\">&#x1f44f;&#x1f44f;&#x1f44f; <a href=\"https:\/\/t.co\/IEcE74T5jf\">pic.twitter.com\/IEcE74T5jf<\/a><\/p>\n<p>\u2014 FC Barcelona (@FCBarcelona) <a href=\"https:\/\/twitter.com\/FCBarcelona\/status\/949340245337636866?ref_src=twsrc%5Etfw\">5 de enero de 2018<\/a><\/p><\/blockquote>\n<p><script async src=\"https:\/\/platform.twitter.com\/widgets.js\" charset=\"utf-8\"><\/script><\/p>\n<p><img decoding=\"async\" loading=\"lazy\" class=\" wp-image-513686 aligncenter\" src=\"https:\/\/www.futboltotal.com.mx\/wp-content\/uploads\/2018\/01\/b1-1024x576.jpg\" alt=\"\u00a1Los Reyes Magos del Barcelona! 0\" srcset=\"http:\/\/desarrollo.grupomedios.com\/futbol\/wp-content\/uploads\/2018\/01\/b1-1024x576.jpg 1024w, http:\/\/desarrollo.grupomedios.com\/futbol\/wp-content\/uploads\/2018\/01\/b1-300x169.jpg 300w, http:\/\/desarrollo.grupomedios.com\/futbol\/wp-content\/uploads\/2018\/01\/b1-768x432.jpg 768w, http:\/\/desarrollo.grupomedios.com\/futbol\/wp-content\/uploads\/2018\/01\/b1-393x221.jpg 393w, http:\/\/desarrollo.grupomedios.com\/futbol\/wp-content\/uploads\/2018\/01\/b1.jpg 1200w\" sizes=\"(max-width: 775px) 100vw, 775px\" \/><\/p>\n<p><img decoding=\"async\" loading=\"lazy\" class=\" wp-image-513687 aligncenter\" src=\"https:\/\/www.futboltotal.com.mx\/wp-content\/uploads\/2018\/01\/b2-1024x587.jpg\" alt=\"\u00a1Los Reyes Magos del Barcelona! 1\" srcset=\"http:\/\/desarrollo.grupomedios.com\/futbol\/wp-content\/uploads\/2018\/01\/b2-1024x587.jpg 1024w, http:\/\/desarrollo.grupomedios.com\/futbol\/wp-content\/uploads\/2018\/01\/b2-300x172.jpg 300w, http:\/\/desarrollo.grupomedios.com\/futbol\/wp-content\/uploads\/2018\/01\/b2-768x440.jpg 768w, http:\/\/desarrollo.grupomedios.com\/futbol\/wp-content\/uploads\/2018\/01\/b2.jpg 1200w\" sizes=\"(max-width: 773px) 100vw, 773px\" \/><\/p>\n<p><img decoding=\"async\" loading=\"lazy\" class=\" wp-image-513688 aligncenter\" src=\"https:\/\/www.futboltotal.com.mx\/wp-content\/uploads\/2018\/01\/b3-1024x575.jpg\" alt=\"\u00a1Los Reyes Magos del Barcelona! 2\" srcset=\"http:\/\/desarrollo.grupomedios.com\/futbol\/wp-content\/uploads\/2018\/01\/b3-1024x575.jpg 1024w, http:\/\/desarrollo.grupomedios.com\/futbol\/wp-content\/uploads\/2018\/01\/b3-300x169.jpg 300w, http:\/\/desarrollo.grupomedios.com\/futbol\/wp-content\/uploads\/2018\/01\/b3-768x431.jpg 768w, http:\/\/desarrollo.grupomedios.com\/futbol\/wp-content\/uploads\/2018\/01\/b3-393x221.jpg 393w, http:\/\/desarrollo.grupomedios.com\/futbol\/wp-content\/uploads\/2018\/01\/b3.jpg 1200w\" sizes=\"(max-width: 775px) 100vw, 775px\" \/><\/p>\n","protected":false},"excerpt":{"rendered":"<p>Como un adelanto al D\u00eda de Reyes, el plantel blaugrana visit\u00f3 varios hospitales catalanes. <\/p>\n","protected":false},"author":165,"featured_media":513689,"comment_status":"closed","ping_status":"closed","sticky":false,"template":"","format":"standard","meta":[],"categories":[3839,3844,1],"tags":[5984,11442,6672,11518,10264,1293,6012,248,841,11519,11520,2106],"_links":{"self":[{"href":"http:\/\/desarrollo.grupomedios.com\/futbol\/wp-json\/wp\/v2\/posts\/513650"}],"collection":[{"href":"http:\/\/desarrollo.grupomedios.com\/futbol\/wp-json\/wp\/v2\/posts"}],"about":[{"href":"http:\/\/desarrollo.grupomedios.com\/futbol\/wp-json\/wp\/v2\/types\/post"}],"author":[{"embeddable":true,"href":"http:\/\/desarrollo.grupomedios.com\/futbol\/wp-json\/wp\/v2\/users\/165"}],"replies":[{"embeddable":true,"href":"http:\/\/desarrollo.grupomedios.com\/futbol\/wp-json\/wp\/v2\/comments?post=513650"}],"version-history":[{"count":5,"href":"http:\/\/desarrollo.grupomedios.com\/futbol\/wp-json\/wp\/v2\/posts\/513650\/revisions"}],"predecessor-version":[{"id":513697,"href":"http:\/\/desarrollo.grupomedios.com\/futbol\/wp-json\/wp\/v2\/posts\/513650\/revisions\/513697"}],"wp:featuredmedia":[{"embeddable":true,"href":"http:\/\/desarrollo.grupomedios.com\/futbol\/wp-json\/wp\/v2\/media\/513689"}],"wp:attachment":[{"href":"http:\/\/desarrollo.grupomedios.com\/futbol\/wp-json\/wp\/v2\/media?parent=513650"}],"wp:term":[{"taxonomy":"category","embeddable":true,"href":"http:\/\/desarrollo.grupomedios.com\/futbol\/wp-json\/wp\/v2\/categories?post=513650"},{"taxonomy":"post_tag","embeddable":true,"href":"http:\/\/desarrollo.grupomedios.com\/futbol\/wp-json\/wp\/v2\/tags?post=513650"}],"curies":[{"name":"wp","href":"https:\/\/api.w.org\/{rel}","templated":true}]}}