{"id":513682,"date":"2018-01-05T14:42:47","date_gmt":"2018-01-05T20:42:47","guid":{"rendered":"https:\/\/www.futboltotal.com.mx\/?p=513682"},"modified":"2018-01-05T14:42:47","modified_gmt":"2018-01-05T20:42:47","slug":"mourinho-padece-demencia-senil-antonio-conte","status":"publish","type":"post","link":"http:\/\/desarrollo.grupomedios.com\/futbol\/futbol-internacional\/mourinho-padece-demencia-senil-antonio-conte\/2018\/01","title":{"rendered":"Mourinho padece &#8220;demencia senil&#8221;: Antonio Conte"},"content":{"rendered":"<p>El entrenador del Chelsea, <strong>Antonio Conte<\/strong>, carg\u00f3 hoy contra el t\u00e9cnico del <strong>Manchester United<\/strong>, Jos\u00e9 Mourinho, al que acus\u00f3 de padecer &#8220;demencia senil&#8221;.<\/p>\n<p>El preparador italiano respondi\u00f3 as\u00ed a un comentario del portugu\u00e9s en el que suger\u00eda que Conte se comporta como un &#8220;payaso&#8221; en la l\u00ednea de banda.<\/p>\n<p>&#8220;Creo que \u00e9l (<strong>Mourinho<\/strong>) deber\u00eda observarse a s\u00ed mismo en el pasado. Quiz\u00e1s hablaba de s\u00ed mismo en el pasado&#8221;, dijo Conte en rueda de prensa.<\/p>\n<p style=\"text-align: center;\"><span style=\"color: #333399;\"><a href=\"https:\/\/www.futboltotal.com.mx\/futbol-mexicano\/los-franceses-han-jugado-en-la-liga-mx\/2018\/01\">VER M\u00c1S:\u00a0<span class=\"item-title\">Los franceses que han jugado en la Liga MX<\/span><\/a><\/span><\/p>\n<p style=\"text-align: left;\"><span style=\"color: #333399;\"><\/span>&#8220;Creo que se trata de algo, no s\u00e9 c\u00f3mo se llama, pero creo que es demencia senil cuando no recuerdas lo que hac\u00edas en el pasado&#8221;, dijo el entrenador del <strong>Chelsea<\/strong>.<\/p>\n<p>(Con informaci\u00f3n de EFE)<\/p>\n","protected":false},"excerpt":{"rendered":"<p>El entrenador del Chelsea arremeti\u00f3 contra su hom\u00f3logo del Manchester United<\/p>\n","protected":false},"author":160,"featured_media":513683,"comment_status":"closed","ping_status":"closed","sticky":false,"template":"","format":"standard","meta":[],"categories":[3839,3846],"tags":[2354,5981,288,43,334],"_links":{"self":[{"href":"http:\/\/desarrollo.grupomedios.com\/futbol\/wp-json\/wp\/v2\/posts\/513682"}],"collection":[{"href":"http:\/\/desarrollo.grupomedios.com\/futbol\/wp-json\/wp\/v2\/posts"}],"about":[{"href":"http:\/\/desarrollo.grupomedios.com\/futbol\/wp-json\/wp\/v2\/types\/post"}],"author":[{"embeddable":true,"href":"http:\/\/desarrollo.grupomedios.com\/futbol\/wp-json\/wp\/v2\/users\/160"}],"replies":[{"embeddable":true,"href":"http:\/\/desarrollo.grupomedios.com\/futbol\/wp-json\/wp\/v2\/comments?post=513682"}],"version-history":[{"count":1,"href":"http:\/\/desarrollo.grupomedios.com\/futbol\/wp-json\/wp\/v2\/posts\/513682\/revisions"}],"predecessor-version":[{"id":513684,"href":"http:\/\/desarrollo.grupomedios.com\/futbol\/wp-json\/wp\/v2\/posts\/513682\/revisions\/513684"}],"wp:featuredmedia":[{"embeddable":true,"href":"http:\/\/desarrollo.grupomedios.com\/futbol\/wp-json\/wp\/v2\/media\/513683"}],"wp:attachment":[{"href":"http:\/\/desarrollo.grupomedios.com\/futbol\/wp-json\/wp\/v2\/media?parent=513682"}],"wp:term":[{"taxonomy":"category","embeddable":true,"href":"http:\/\/desarrollo.grupomedios.com\/futbol\/wp-json\/wp\/v2\/categories?post=513682"},{"taxonomy":"post_tag","embeddable":true,"href":"http:\/\/desarrollo.grupomedios.com\/futbol\/wp-json\/wp\/v2\/tags?post=513682"}],"curies":[{"name":"wp","href":"https:\/\/api.w.org\/{rel}","templated":true}]}}