{"id":513695,"date":"2018-01-05T15:09:24","date_gmt":"2018-01-05T21:09:24","guid":{"rendered":"https:\/\/www.futboltotal.com.mx\/?p=513695"},"modified":"2018-01-05T15:09:24","modified_gmt":"2018-01-05T21:09:24","slug":"100-mdd-regreso-jon-gruden-a-la-nfl-raiders","status":"publish","type":"post","link":"http:\/\/desarrollo.grupomedios.com\/futbol\/no-todo-es-futbol\/100-mdd-regreso-jon-gruden-a-la-nfl-raiders\/2018\/01","title":{"rendered":"100 mdd, el regreso de Jon Gruden a la NFL con Raiders"},"content":{"rendered":"<p>El entrenador en jefe y analista de futbol americano, <strong>Jon Gruden<\/strong>, ser\u00e1 el nuevo head coach de los <strong>Raiders de Oakland<\/strong> para la temporada 2018 de la NFL, dio a conocer la cadena <em>ESPN<\/em>.<\/p>\n<p>El famoso &#8216;<em>Chucky<\/em>&#8216; regresar\u00e1 a la liga m\u00e1s importante del futbol americano profesional de los Estados Unidos, tras varios a\u00f1os de ausencia.<\/p>\n<p>Gruden regresar\u00e1 tras diez a\u00f1os de no dirigir en la NFL, donde vivi\u00f3 grandes momentos con los Raiders y los <strong>Buccaneers de Tampa Bay<\/strong>, con quienes gan\u00f3 el <strong>Super Bowl XXXVII<\/strong>.<\/p>\n<p style=\"text-align: center;\"><span style=\"color: #333399;\"><a href=\"https:\/\/www.futboltotal.com.mx\/no-todo-es-futbol\/nfl-playoffs-despidos-tras-termino-la-temporada-regular-2017\/2018\/01\">VER M\u00c1S &#8211;\u00a0<span class=\"item-title\">NFL: playoffs y despidos tras el t\u00e9rmino de la temporada regular 2017<\/span><\/a><\/span><\/p>\n<p>Este martes el head coach ser\u00eda presentado en Oakland, California, con un contrato de <strong>10 a\u00f1os y 100 millones de d\u00f3lares<\/strong>.<\/p>\n<p>&nbsp;<\/p>\n<p>&nbsp;<\/p>\n","protected":false},"excerpt":{"rendered":"<p>Tras 10 a\u00f1os de ausencia, el &#8216;Chucky&#8217; estar\u00eda de vuelta en la NFL<\/p>\n","protected":false},"author":160,"featured_media":513699,"comment_status":"closed","ping_status":"closed","sticky":false,"template":"","format":"standard","meta":[],"categories":[5811,5418,6411],"tags":[11521,4395,10621],"_links":{"self":[{"href":"http:\/\/desarrollo.grupomedios.com\/futbol\/wp-json\/wp\/v2\/posts\/513695"}],"collection":[{"href":"http:\/\/desarrollo.grupomedios.com\/futbol\/wp-json\/wp\/v2\/posts"}],"about":[{"href":"http:\/\/desarrollo.grupomedios.com\/futbol\/wp-json\/wp\/v2\/types\/post"}],"author":[{"embeddable":true,"href":"http:\/\/desarrollo.grupomedios.com\/futbol\/wp-json\/wp\/v2\/users\/160"}],"replies":[{"embeddable":true,"href":"http:\/\/desarrollo.grupomedios.com\/futbol\/wp-json\/wp\/v2\/comments?post=513695"}],"version-history":[{"count":1,"href":"http:\/\/desarrollo.grupomedios.com\/futbol\/wp-json\/wp\/v2\/posts\/513695\/revisions"}],"predecessor-version":[{"id":513700,"href":"http:\/\/desarrollo.grupomedios.com\/futbol\/wp-json\/wp\/v2\/posts\/513695\/revisions\/513700"}],"wp:featuredmedia":[{"embeddable":true,"href":"http:\/\/desarrollo.grupomedios.com\/futbol\/wp-json\/wp\/v2\/media\/513699"}],"wp:attachment":[{"href":"http:\/\/desarrollo.grupomedios.com\/futbol\/wp-json\/wp\/v2\/media?parent=513695"}],"wp:term":[{"taxonomy":"category","embeddable":true,"href":"http:\/\/desarrollo.grupomedios.com\/futbol\/wp-json\/wp\/v2\/categories?post=513695"},{"taxonomy":"post_tag","embeddable":true,"href":"http:\/\/desarrollo.grupomedios.com\/futbol\/wp-json\/wp\/v2\/tags?post=513695"}],"curies":[{"name":"wp","href":"https:\/\/api.w.org\/{rel}","templated":true}]}}