{"id":513723,"date":"2018-01-05T17:20:00","date_gmt":"2018-01-05T23:20:00","guid":{"rendered":"https:\/\/www.futboltotal.com.mx\/?p=513723"},"modified":"2018-01-05T17:20:00","modified_gmt":"2018-01-05T23:20:00","slug":"gignac-artifice-la-llegada-menez-al-america","status":"publish","type":"post","link":"http:\/\/desarrollo.grupomedios.com\/futbol\/destacado-home\/gignac-artifice-la-llegada-menez-al-america\/2018\/01","title":{"rendered":"Gignac, el art\u00edfice de la llegada de M\u00e9nez al Am\u00e9rica"},"content":{"rendered":"<p>La llegada de <strong>J\u00e9r\u00e9my M\u00e9nez<\/strong> a las <strong>\u00c1guilas del Am\u00e9rica<\/strong> se dio en gran parte gracias a las buenas palabras que tuvo <strong>Andr\u00e9-Pierre Gignac<\/strong> de la liga mexicana.<\/p>\n<p>M\u00e9nez fue confirmado este viernes como el primer fichaje extranjero de los azulcremas, y en sus primeras declaraciones como \u00e1guilas coment\u00f3 que &#8220;Gignac me habl\u00f3 del campeonato y no dude en venir a M\u00e9xico&#8221;, en entrevista con <em>TDN<\/em>.<\/p>\n<p>El delantero franc\u00e9s coment\u00f3 que es una gran responsabilidad la que tiene al ser un jugador que proviene del <strong>futbol europeo<\/strong>.<\/p>\n<p style=\"text-align: center;\"><span style=\"color: #333399;\"><a href=\"https:\/\/www.futboltotal.com.mx\/destacado-home\/jeremy-menez-refuerzo-america-esta-estancado-2015\/2018\/01\">VER M\u00c1S:\u00a0<span class=\"item-title\">J\u00e9r\u00e9my M\u00e9nez, refuerzo de Am\u00e9rica, estancado desde 2015<\/span><\/a><\/span><\/p>\n<p>&#8220;<strong>Llegar al club m\u00e1s grande del futbol mexicano<\/strong> es algo que me llam\u00f3 mucho la atenci\u00f3n y ahora quiero s\u00f3lo empezar a jugar&#8221;, sentenci\u00f3 M\u00e9nez.<\/p>\n<p>&nbsp;<\/p>\n","protected":false},"excerpt":{"rendered":"<p>Entre galos se dio la charla que convenci\u00f3 a M\u00e9nez a llegar a M\u00e9xico<\/p>\n","protected":false},"author":160,"featured_media":513726,"comment_status":"closed","ping_status":"closed","sticky":false,"template":"","format":"standard","meta":[],"categories":[5,2198,3845],"tags":[5959,5564,7303,64],"_links":{"self":[{"href":"http:\/\/desarrollo.grupomedios.com\/futbol\/wp-json\/wp\/v2\/posts\/513723"}],"collection":[{"href":"http:\/\/desarrollo.grupomedios.com\/futbol\/wp-json\/wp\/v2\/posts"}],"about":[{"href":"http:\/\/desarrollo.grupomedios.com\/futbol\/wp-json\/wp\/v2\/types\/post"}],"author":[{"embeddable":true,"href":"http:\/\/desarrollo.grupomedios.com\/futbol\/wp-json\/wp\/v2\/users\/160"}],"replies":[{"embeddable":true,"href":"http:\/\/desarrollo.grupomedios.com\/futbol\/wp-json\/wp\/v2\/comments?post=513723"}],"version-history":[{"count":1,"href":"http:\/\/desarrollo.grupomedios.com\/futbol\/wp-json\/wp\/v2\/posts\/513723\/revisions"}],"predecessor-version":[{"id":513727,"href":"http:\/\/desarrollo.grupomedios.com\/futbol\/wp-json\/wp\/v2\/posts\/513723\/revisions\/513727"}],"wp:featuredmedia":[{"embeddable":true,"href":"http:\/\/desarrollo.grupomedios.com\/futbol\/wp-json\/wp\/v2\/media\/513726"}],"wp:attachment":[{"href":"http:\/\/desarrollo.grupomedios.com\/futbol\/wp-json\/wp\/v2\/media?parent=513723"}],"wp:term":[{"taxonomy":"category","embeddable":true,"href":"http:\/\/desarrollo.grupomedios.com\/futbol\/wp-json\/wp\/v2\/categories?post=513723"},{"taxonomy":"post_tag","embeddable":true,"href":"http:\/\/desarrollo.grupomedios.com\/futbol\/wp-json\/wp\/v2\/tags?post=513723"}],"curies":[{"name":"wp","href":"https:\/\/api.w.org\/{rel}","templated":true}]}}