{"id":513724,"date":"2018-01-05T17:20:20","date_gmt":"2018-01-05T23:20:20","guid":{"rendered":"https:\/\/www.futboltotal.com.mx\/?p=513724"},"modified":"2018-01-05T17:22:58","modified_gmt":"2018-01-05T23:22:58","slug":"rayados-busca-al-refuerzo-bomba-frances-bafetimbi-gomis","status":"publish","type":"post","link":"http:\/\/desarrollo.grupomedios.com\/futbol\/futbol-mexicano\/rayados-busca-al-refuerzo-bomba-frances-bafetimbi-gomis\/2018\/01","title":{"rendered":"Rayados busca a refuerzo bomba franc\u00e9s Baf\u00e9timbi Gomis"},"content":{"rendered":"<p>Los <a href=\"https:\/\/www.futboltotal.com.mx\/futbol-mexicano\/liga-mx\/rayados-presume-nueva-piel-clausura-2018\/2018\/01\" target=\"_blank\" rel=\"noopener\"><strong>Rayados de Monterrey<\/strong> <\/a>se han mantenido algo callados durante el draft de este mercado y en el plano internacional, pero podr\u00edan estar cocinando una bomba para el cierre de registros del <strong>Clausura 2018<\/strong>, buscan a un delantero de poder y, como <a href=\"https:\/\/www.futboltotal.com.mx\/futbol-mexicano\/liga-mx\/los-franceses-han-jugado-en-la-liga-mx\/2018\/01\" target=\"_blank\" rel=\"noopener\">al parecer est\u00e1 de moda<\/a>, ir\u00edan por un franc\u00e9s.<\/p>\n<p>Se trata de\u00a0<strong>Baf\u00e9timbi Gomis<\/strong> que actualmente juega en el <strong>Galatasaray de Turqu\u00eda<\/strong>, de acuerdo con Grupo Reforma ser\u00eda uno de los nombres que maneja el cuadro de <strong>Antonio Mohamed<\/strong> para que llegue a reforzar al equipo, el problema para irse de lleno a intentar el fichaje es que el jugador ha tenido una serie de complicaciones de salud con su coraz\u00f3n, ya que un par de veces ha ca\u00eddo al terreno de juego.<\/p>\n<p style=\"text-align: center;\"><a href=\"https:\/\/www.futboltotal.com.mx\/futbol-mexicano\/liga-mx\/jeremy-menez-refuerzo-america-esta-estancado-2015\/2018\/01\">VER M\u00c1S: J\u00e9r\u00e9my M\u00e9nez, refuerzo de Am\u00e9rica, estancado desde 2015<\/a><\/p>\n<p>Sin embargo, de darse esta transacci\u00f3n ser\u00eda un gran fichaje para la <strong>Liga MX<\/strong> pues el delantero ha jugado en equipo como\u00a0<strong>Saint-\u00c9tienne, Lyon, Swansea City y Marsella<\/strong> y su carta esta rondando los <strong>5 millones de d\u00f3lares<\/strong>, aunque todav\u00eda no hay un acercamiento concreto por el futbolista.<\/p>\n<p>El delantero apodado\u00a0\u2018El Predador\u2019 est\u00e1 pasando por un momento interesante en Turqu\u00eda pues hasta el momento tiene <strong>14 goles<\/strong> y <strong>cuatro asistencias<\/strong> en 17 partidos.<\/p>\n<p style=\"text-align: center;\"><a href=\"https:\/\/www.futboltotal.com.mx\/futbol-mexicano\/liga-mx\/matias-britos-se-sumaria-gallos-queretaro\/2018\/01\">VER M\u00c1S: Mat\u00edas Britos se sumar\u00eda con Gallos de Quer\u00e9taro<\/a><\/p>\n<p>&nbsp;<\/p>\n","protected":false},"excerpt":{"rendered":"<p>El delantero pertenece al Galatasaray de Turqu\u00eda y podr\u00eda llegar a la Liga MX con los regios<\/p>\n","protected":false},"author":159,"featured_media":513725,"comment_status":"closed","ping_status":"closed","sticky":false,"template":"","format":"standard","meta":[],"categories":[2198,3845],"tags":[11522,9028,6032,64,1329],"_links":{"self":[{"href":"http:\/\/desarrollo.grupomedios.com\/futbol\/wp-json\/wp\/v2\/posts\/513724"}],"collection":[{"href":"http:\/\/desarrollo.grupomedios.com\/futbol\/wp-json\/wp\/v2\/posts"}],"about":[{"href":"http:\/\/desarrollo.grupomedios.com\/futbol\/wp-json\/wp\/v2\/types\/post"}],"author":[{"embeddable":true,"href":"http:\/\/desarrollo.grupomedios.com\/futbol\/wp-json\/wp\/v2\/users\/159"}],"replies":[{"embeddable":true,"href":"http:\/\/desarrollo.grupomedios.com\/futbol\/wp-json\/wp\/v2\/comments?post=513724"}],"version-history":[{"count":2,"href":"http:\/\/desarrollo.grupomedios.com\/futbol\/wp-json\/wp\/v2\/posts\/513724\/revisions"}],"predecessor-version":[{"id":513729,"href":"http:\/\/desarrollo.grupomedios.com\/futbol\/wp-json\/wp\/v2\/posts\/513724\/revisions\/513729"}],"wp:featuredmedia":[{"embeddable":true,"href":"http:\/\/desarrollo.grupomedios.com\/futbol\/wp-json\/wp\/v2\/media\/513725"}],"wp:attachment":[{"href":"http:\/\/desarrollo.grupomedios.com\/futbol\/wp-json\/wp\/v2\/media?parent=513724"}],"wp:term":[{"taxonomy":"category","embeddable":true,"href":"http:\/\/desarrollo.grupomedios.com\/futbol\/wp-json\/wp\/v2\/categories?post=513724"},{"taxonomy":"post_tag","embeddable":true,"href":"http:\/\/desarrollo.grupomedios.com\/futbol\/wp-json\/wp\/v2\/tags?post=513724"}],"curies":[{"name":"wp","href":"https:\/\/api.w.org\/{rel}","templated":true}]}}