{"id":513746,"date":"2018-01-06T09:23:34","date_gmt":"2018-01-06T15:23:34","guid":{"rendered":"https:\/\/www.futboltotal.com.mx\/?p=513746"},"modified":"2018-01-06T09:23:34","modified_gmt":"2018-01-06T15:23:34","slug":"diego-costa-anota-lo-expulsan-festejo","status":"publish","type":"post","link":"http:\/\/desarrollo.grupomedios.com\/futbol\/futbol-internacional\/diego-costa-anota-lo-expulsan-festejo\/2018\/01","title":{"rendered":"Diego Costa anota y lo expulsan por festejo"},"content":{"rendered":"<p>El delantero del <strong>Atl\u00e9tico de Madrid, Diego Costa<\/strong> vivi\u00f3 un reencuentro agridulce con <strong>LaLiga<\/strong>, pues por una parte logr\u00f3 hacerse presente en el marcador en la victoria de su equipo ante el<a href=\"https:\/\/www.futboltotal.com.mx\/futbol-mexicano\/liga-mx\/oswaldo-alanis-llegara-al-getafe-la-liga-espana\/2018\/01\" target=\"_blank\" rel=\"noopener\"><strong> Getafe<\/strong><\/a>, pero fue expulsado debido a su festejo, en algo que se convirti\u00f3 en todo un show.<\/p>\n<p>El delantero Colchonero ha vuelto a ser ese jugador que pelea cada bal\u00f3n e intenta ser el m\u00e1s participativo, todo el tiempo conectando con <strong>Antoine Griezmann<\/strong>, logr\u00f3 anotar el segundo gol que le daba la tranquilidad a los Rojiblancos, estallando el j\u00fabilo en la afici\u00f3n del <strong>Wanda Metropolitano<\/strong>, pero no todo fue emoci\u00f3n absoluta para el delantero hispano-brasile\u00f1o.<\/p>\n<p style=\"text-align: center;\"><a href=\"https:\/\/www.futboltotal.com.mx\/futbol-mexicano\/liga-mx\/rayados-busca-al-refuerzo-bomba-frances-bafetimbi-gomis\/2018\/01\" target=\"_blank\" rel=\"noopener\">VER M\u00c1S: Rayados de Monterrey tambi\u00e9n busca a su bomba francesa<\/a><\/p>\n<p>La emoci\u00f3n de anotar frente a la afici\u00f3n del\u00a0<strong>Atl\u00e9tico de Madrid<\/strong> le ha sobrepasado un poco y fue a celebrar con la grada, cuando minutos antes hab\u00eda recibido una tarjeta amarilla, por lo que el \u00e1rbitro decidi\u00f3 mostrarle la segunda cartulina y que saliera expulsado.<\/p>\n<blockquote class=\"twitter-video\" data-lang=\"es\">\n<p dir=\"ltr\" lang=\"es\">Le sacan amarilla, luego marca gol y por celebrar con los hinchas, doble amarilla y roja, expulsado: This is Diego Costa: <a href=\"https:\/\/t.co\/NR7evf7ZBe\">pic.twitter.com\/NR7evf7ZBe<\/a><\/p>\n<p>&#x1f602;&#x1f602;<\/p>\n<p>\u2014 David L\u00f3pez (@Irreverendos) <a href=\"https:\/\/twitter.com\/Irreverendos\/status\/949647438037602305?ref_src=twsrc%5Etfw\">6 de enero de 2018<\/a><\/p><\/blockquote>\n<p><script async src=\"https:\/\/platform.twitter.com\/widgets.js\" charset=\"utf-8\"><\/script><\/p>\n<p style=\"text-align: center;\"><a href=\"https:\/\/www.futboltotal.com.mx\/futbol-mexicano\/liga-mx\/oribe-peralta-seguira-america-2020\/2018\/01\" target=\"_blank\" rel=\"noopener\">VER M\u00c1S: Oribe Peralta, con Am\u00e9rica hasta el 2020<\/a><\/p>\n<p>&nbsp;<\/p>\n","protected":false},"excerpt":{"rendered":"<p>El conjunto colchonero gan\u00f3 pero perder\u00e1 al delantero para la siguiente jornada<\/p>\n","protected":false},"author":159,"featured_media":513747,"comment_status":"closed","ping_status":"closed","sticky":false,"template":"","format":"standard","meta":[],"categories":[3839,3844],"tags":[5671,3205,6114],"_links":{"self":[{"href":"http:\/\/desarrollo.grupomedios.com\/futbol\/wp-json\/wp\/v2\/posts\/513746"}],"collection":[{"href":"http:\/\/desarrollo.grupomedios.com\/futbol\/wp-json\/wp\/v2\/posts"}],"about":[{"href":"http:\/\/desarrollo.grupomedios.com\/futbol\/wp-json\/wp\/v2\/types\/post"}],"author":[{"embeddable":true,"href":"http:\/\/desarrollo.grupomedios.com\/futbol\/wp-json\/wp\/v2\/users\/159"}],"replies":[{"embeddable":true,"href":"http:\/\/desarrollo.grupomedios.com\/futbol\/wp-json\/wp\/v2\/comments?post=513746"}],"version-history":[{"count":1,"href":"http:\/\/desarrollo.grupomedios.com\/futbol\/wp-json\/wp\/v2\/posts\/513746\/revisions"}],"predecessor-version":[{"id":513748,"href":"http:\/\/desarrollo.grupomedios.com\/futbol\/wp-json\/wp\/v2\/posts\/513746\/revisions\/513748"}],"wp:featuredmedia":[{"embeddable":true,"href":"http:\/\/desarrollo.grupomedios.com\/futbol\/wp-json\/wp\/v2\/media\/513747"}],"wp:attachment":[{"href":"http:\/\/desarrollo.grupomedios.com\/futbol\/wp-json\/wp\/v2\/media?parent=513746"}],"wp:term":[{"taxonomy":"category","embeddable":true,"href":"http:\/\/desarrollo.grupomedios.com\/futbol\/wp-json\/wp\/v2\/categories?post=513746"},{"taxonomy":"post_tag","embeddable":true,"href":"http:\/\/desarrollo.grupomedios.com\/futbol\/wp-json\/wp\/v2\/tags?post=513746"}],"curies":[{"name":"wp","href":"https:\/\/api.w.org\/{rel}","templated":true}]}}