{"id":513755,"date":"2018-01-06T11:12:03","date_gmt":"2018-01-06T17:12:03","guid":{"rendered":"https:\/\/www.futboltotal.com.mx\/?p=513755"},"modified":"2018-01-06T11:12:03","modified_gmt":"2018-01-06T17:12:03","slug":"marco-fabian-regresa-a-las-canchas","status":"publish","type":"post","link":"http:\/\/desarrollo.grupomedios.com\/futbol\/futbol-internacional\/marco-fabian-regresa-a-las-canchas\/2018\/01","title":{"rendered":"\u00a1Marco Fabi\u00e1n regresa a las canchas!"},"content":{"rendered":"<p>El mediocampista mexicano, <strong>Marco Fabi\u00e1n<\/strong> volvi\u00f3 a la actividad luego de la lesi\u00f3n en la espalda que lo margin\u00f3 durante seis meses del terreno de juego, el futbolista se podr\u00e1 ilusionar con estar en la <strong>Copa del Mundo de Rusia 2018<\/strong> en caso de lograr meterse en ritmo en estos seis meses y que <strong>Juan Carlos Osorio<\/strong> lo tenga en cuenta.<\/p>\n<p style=\"text-align: center;\"><a href=\"https:\/\/www.futboltotal.com.mx\/futbol-mexicano\/liga-mx\/rayados-busca-al-refuerzo-bomba-frances-bafetimbi-gomis\/2018\/01\" target=\"_blank\" rel=\"noopener\">VER M\u00c1S: Rayados de Monterrey busca a su bomba francesa<\/a><\/p>\n<p>Durante el partido amistoso que sostuvo su equipo ante el\u00a0<strong>Erzgebirge,\u00a0<\/strong>equipo alem\u00e1n de categor\u00edas inferiores, el mexicano estuvo en el triunfo de su equipo el\u00a0<strong>Eintracht Frankfurt\u00a0 <\/strong>por marcador de 3-1, logrando jugar 22 minutos del partido y regresando de forma oficial a las canchas.<\/p>\n<p>El mediocampista azteca no jugada desde aquella derrota de la <strong>Selecci\u00f3n Mexicana<\/strong> ante Portugal por la Copa Confederaciones de Rusia 2017, donde posteriormente tuvo que\u00a0ser intervenido\u00a0<strong>quir\u00fargicamente\u00a0<\/strong>y tener una larga recuperaci\u00f3n que lo margin\u00f3 de participar en la<strong> Bundesliga<\/strong>.<\/p>\n<p style=\"text-align: center;\"><a href=\"https:\/\/www.futboltotal.com.mx\/futbol-mexicano\/liga-mx\/lobos-buap-busco-a-cesar-chelito-delgado\/2018\/01\" target=\"_blank\" rel=\"noopener\">VER M\u00c1S: Lobos BUAP busc\u00f3 al Chelito Delgado<\/a><\/p>\n<div class=\"field field-name-network-pontamedia-comentario field-type-ds field-label-hidden\"><\/div>\n","protected":false},"excerpt":{"rendered":"<p>El jugador azteca se ilusiona con la Copa del Mundo de Rusia 2018<\/p>\n","protected":false},"author":159,"featured_media":511097,"comment_status":"closed","ping_status":"closed","sticky":false,"template":"","format":"standard","meta":[],"categories":[3839,6822],"tags":[125,3588,131,2232],"_links":{"self":[{"href":"http:\/\/desarrollo.grupomedios.com\/futbol\/wp-json\/wp\/v2\/posts\/513755"}],"collection":[{"href":"http:\/\/desarrollo.grupomedios.com\/futbol\/wp-json\/wp\/v2\/posts"}],"about":[{"href":"http:\/\/desarrollo.grupomedios.com\/futbol\/wp-json\/wp\/v2\/types\/post"}],"author":[{"embeddable":true,"href":"http:\/\/desarrollo.grupomedios.com\/futbol\/wp-json\/wp\/v2\/users\/159"}],"replies":[{"embeddable":true,"href":"http:\/\/desarrollo.grupomedios.com\/futbol\/wp-json\/wp\/v2\/comments?post=513755"}],"version-history":[{"count":1,"href":"http:\/\/desarrollo.grupomedios.com\/futbol\/wp-json\/wp\/v2\/posts\/513755\/revisions"}],"predecessor-version":[{"id":513756,"href":"http:\/\/desarrollo.grupomedios.com\/futbol\/wp-json\/wp\/v2\/posts\/513755\/revisions\/513756"}],"wp:featuredmedia":[{"embeddable":true,"href":"http:\/\/desarrollo.grupomedios.com\/futbol\/wp-json\/wp\/v2\/media\/511097"}],"wp:attachment":[{"href":"http:\/\/desarrollo.grupomedios.com\/futbol\/wp-json\/wp\/v2\/media?parent=513755"}],"wp:term":[{"taxonomy":"category","embeddable":true,"href":"http:\/\/desarrollo.grupomedios.com\/futbol\/wp-json\/wp\/v2\/categories?post=513755"},{"taxonomy":"post_tag","embeddable":true,"href":"http:\/\/desarrollo.grupomedios.com\/futbol\/wp-json\/wp\/v2\/tags?post=513755"}],"curies":[{"name":"wp","href":"https:\/\/api.w.org\/{rel}","templated":true}]}}