{"id":513757,"date":"2018-01-06T12:07:11","date_gmt":"2018-01-06T18:07:11","guid":{"rendered":"https:\/\/www.futboltotal.com.mx\/?p=513757"},"modified":"2018-01-06T12:07:11","modified_gmt":"2018-01-06T18:07:11","slug":"omar-govea-las-revelaciones-belgica","status":"publish","type":"post","link":"http:\/\/desarrollo.grupomedios.com\/futbol\/destacado-home\/omar-govea-las-revelaciones-belgica\/2018\/01","title":{"rendered":"Omar Govea, entre las revelaciones de B\u00e9lgica"},"content":{"rendered":"<p>El mediocampista mexicano, <strong>Omar Govea<\/strong> ha tenido una temporada importante en su carrera, pues ha logrado ser parte importante del\u00a0 <strong>Royal Excel Mouscron<\/strong> y de acuerdo con el diario de B\u00e9lgica\u00a0Sudpresse Sports es una de las revelaciones del campeonato luego que llegara a la\u00a0<strong>Liga Jupiler<\/strong> en julio del 2017.<\/p>\n<p>En su andar por B\u00e9lgica el mexicano ha logrado anotar cuatro goles y ha realizado dos asistencias, consolid\u00e1ndose dentro del once titular de su equipo. Estos n\u00fameros motivaron al estratega<strong> Juan Carlos Osorio<\/strong> para llamarlo a la Selecci\u00f3n Mexicana en la \u00faltima<strong> fecha FIFA<\/strong> y con ello se meti\u00f3 a la pelea por un lugar en la lista final.<\/p>\n<p style=\"text-align: center;\"><a href=\"https:\/\/www.futboltotal.com.mx\/futbol-internacional\/liga-de-espana\/diego-costa-anota-lo-expulsan-festejo\/2018\/01\" target=\"_blank\" rel=\"noopener\">VER M\u00c1S: Diego Costa anota y lo expulsan por festejo<\/a><\/p>\n<p><strong>RUSIA 2018, UN SUE\u00d1O<\/strong><\/p>\n<p>Esta temporada pondr\u00e1 en predicamentos al estratega mexicano, que tendr\u00e1 que elegir su lista de 23 futbolistas para la Copa del Mundo de Rusia 2018, Govea, siendo un interior por derecha tiene posibilidades de colarse en la lista definitiva y asistir a la justa si sigue con este paso.<\/p>\n<p>La posici\u00f3n que ocupa es resguardada por <strong>H\u00e9ctor Herrera<\/strong>, jugador del <strong>Porto<\/strong>, mientras que otros hombres est\u00e1n en ese mismo plano de pelear por el lugar,<strong> Jonathan Dos Santos,<\/strong> que ha perdido protagonismo en <strong>LA Galaxy<\/strong> y <a href=\"https:\/\/www.futboltotal.com.mx\/liga-de-alemania\/marco-fabian-regresa-a-las-canchas\/2018\/01\" target=\"_blank\" rel=\"noopener\"><strong>Marco Fabi\u00e1n<\/strong><\/a>, que viene recuper\u00e1ndose de una lesi\u00f3n, esto hace pensar que tiene opciones reales de ir Rusia.<\/p>\n<p style=\"text-align: center;\"><a href=\"https:\/\/www.futboltotal.com.mx\/futbol-mexicano\/liga-mx\/moises-munoz-hace-un-oso-puebla-ya-busca-sustituto\/2018\/01\" target=\"_blank\" rel=\"noopener\">VER M\u00c1S: Puebla busca sustituto para Mois\u00e9s Mu\u00f1oz<\/a><\/p>\n<p>&nbsp;<\/p>\n","protected":false},"excerpt":{"rendered":"<p>El mexicano ha estado haciendo bien las cosas en su equipo y podr\u00eda estar en Rusia 2018<\/p>\n","protected":false},"author":159,"featured_media":513758,"comment_status":"closed","ping_status":"closed","sticky":false,"template":"","format":"standard","meta":[],"categories":[5,3839],"tags":[599,5612,9554,2232,409],"_links":{"self":[{"href":"http:\/\/desarrollo.grupomedios.com\/futbol\/wp-json\/wp\/v2\/posts\/513757"}],"collection":[{"href":"http:\/\/desarrollo.grupomedios.com\/futbol\/wp-json\/wp\/v2\/posts"}],"about":[{"href":"http:\/\/desarrollo.grupomedios.com\/futbol\/wp-json\/wp\/v2\/types\/post"}],"author":[{"embeddable":true,"href":"http:\/\/desarrollo.grupomedios.com\/futbol\/wp-json\/wp\/v2\/users\/159"}],"replies":[{"embeddable":true,"href":"http:\/\/desarrollo.grupomedios.com\/futbol\/wp-json\/wp\/v2\/comments?post=513757"}],"version-history":[{"count":1,"href":"http:\/\/desarrollo.grupomedios.com\/futbol\/wp-json\/wp\/v2\/posts\/513757\/revisions"}],"predecessor-version":[{"id":513759,"href":"http:\/\/desarrollo.grupomedios.com\/futbol\/wp-json\/wp\/v2\/posts\/513757\/revisions\/513759"}],"wp:featuredmedia":[{"embeddable":true,"href":"http:\/\/desarrollo.grupomedios.com\/futbol\/wp-json\/wp\/v2\/media\/513758"}],"wp:attachment":[{"href":"http:\/\/desarrollo.grupomedios.com\/futbol\/wp-json\/wp\/v2\/media?parent=513757"}],"wp:term":[{"taxonomy":"category","embeddable":true,"href":"http:\/\/desarrollo.grupomedios.com\/futbol\/wp-json\/wp\/v2\/categories?post=513757"},{"taxonomy":"post_tag","embeddable":true,"href":"http:\/\/desarrollo.grupomedios.com\/futbol\/wp-json\/wp\/v2\/tags?post=513757"}],"curies":[{"name":"wp","href":"https:\/\/api.w.org\/{rel}","templated":true}]}}