{"id":513790,"date":"2018-01-06T15:12:40","date_gmt":"2018-01-06T21:12:40","guid":{"rendered":"https:\/\/www.futboltotal.com.mx\/?p=513790"},"modified":"2018-01-06T15:12:40","modified_gmt":"2018-01-06T21:12:40","slug":"coutinho-desesperado-ir-al-barcelona","status":"publish","type":"post","link":"http:\/\/desarrollo.grupomedios.com\/futbol\/futbol-internacional\/coutinho-desesperado-ir-al-barcelona\/2018\/01","title":{"rendered":"Coutinho, desesperado por ir al Barcelona"},"content":{"rendered":"<p>El alem\u00e1n <strong>J\u00fcrgen Klopp<\/strong>, entrenador del <strong>Liverpool,<\/strong> reconoci\u00f3 que el brasile\u00f1o <strong>Philippe Coutinho<\/strong> pidi\u00f3 con insistencia desde julio pasado su traspaso al Barcelona y que estaba &#8220;desesperado&#8221; por que el fichaje se produjera.<\/p>\n<p>Coutinho se ha convertido en nuevo jugador del <strong>Barcelona<\/strong> para lo que resta de campa\u00f1a y cinco temporadas m\u00e1s, seg\u00fan ha anunciado el club azulgrana.<\/p>\n<p>En declaraciones que publica la p\u00e1gina oficial del Liverpool, Klopp asegura que &#8220;no era ning\u00fan secreto que Philippe <strong>desde julio<\/strong> quer\u00eda que el traspaso se produjera, cuando el Barcelona comunic\u00f3 su inter\u00e9s por primera vez&#8221;.<\/p>\n<p style=\"text-align: center;\"><span style=\"color: #333399;\"><a href=\"https:\/\/www.futboltotal.com.mx\/destacado-home\/oficial-coutinho-ya-es-de-fc-barcelona\/2018\/01\">VER M\u00c1S &#8211;\u00a0<span class=\"item-title\">OFICIAL: Coutinho ya es del FC Barcelona<\/span><\/a><\/span><\/p>\n<p style=\"text-align: left;\"><span style=\"color: #333399;\"><\/span>&#8220;Philippe insist\u00eda ante m\u00ed, ante los propietarios (del Liverpool) e incluso ante sus compa\u00f1eros que estaba desesperado por que este traspaso se produjera. Pese a todo, nos las arreglamos para retenerlo en el mercado de verano confiando en poder persuadirle de que se quedara y formara parte de nuestro proyecto&#8221;, explica.<\/p>\n<p>Klopp se dirige a los seguidores del Liverpool para asegurarles que ha hecho &#8220;todo lo posible para convencer a Philippe de que permanecer en el Liverpool era tan atractivo como marcharse a Espa\u00f1a, pero <strong>\u00e9l estaba cien por cien seguro de que su futuro y el de su familia estaban en Barcelona<\/strong>&#8220;.<\/p>\n<p>&#8220;Es su sue\u00f1o y ahora estoy seguro de que no nos queda nada a nuestra disposici\u00f3n para hacerle cambiar de opini\u00f3n. Philippe ha hecho una fant\u00e1stica contribuci\u00f3n a este club en <strong>cinco a\u00f1os de servicio<\/strong>&#8220;, coment\u00f3 el t\u00e9cnico.<\/p>\n<p style=\"text-align: center;\"><span style=\"color: #333399;\"><a href=\"https:\/\/www.futboltotal.com.mx\/futbol-internacional\/top-5-fichajes-caros-en-la-historia-del-futbol\/2018\/01\">VER M\u00c1S:\u00a0<span class=\"item-title\">Top 5 de fichajes m\u00e1s caros en la historia del futbol<\/span><\/a><\/span><\/p>\n<p style=\"text-align: left;\"><span style=\"color: #333399;\"><\/span>Los jugadores, reconoce Klopp, &#8220;vienen y van, as\u00ed es el f\u00fatbol&#8221;, pero asegura que el club es lo suficientemente fuerte como para continuar su &#8220;agresiva progresi\u00f3n en el campo&#8221;.<\/p>\n<p><em>(Con informaci\u00f3n de EFE)<\/em><\/p>\n","protected":false},"excerpt":{"rendered":"<p>El t\u00e9cnico del Liverpool habl\u00f3 sobre los \u00faltimos meses del jugador brasile\u00f1o<\/p>\n","protected":false},"author":160,"featured_media":513791,"comment_status":"closed","ping_status":"closed","sticky":false,"template":"","format":"standard","meta":[],"categories":[3839,3844],"tags":[5984,2863,5989,2669],"_links":{"self":[{"href":"http:\/\/desarrollo.grupomedios.com\/futbol\/wp-json\/wp\/v2\/posts\/513790"}],"collection":[{"href":"http:\/\/desarrollo.grupomedios.com\/futbol\/wp-json\/wp\/v2\/posts"}],"about":[{"href":"http:\/\/desarrollo.grupomedios.com\/futbol\/wp-json\/wp\/v2\/types\/post"}],"author":[{"embeddable":true,"href":"http:\/\/desarrollo.grupomedios.com\/futbol\/wp-json\/wp\/v2\/users\/160"}],"replies":[{"embeddable":true,"href":"http:\/\/desarrollo.grupomedios.com\/futbol\/wp-json\/wp\/v2\/comments?post=513790"}],"version-history":[{"count":1,"href":"http:\/\/desarrollo.grupomedios.com\/futbol\/wp-json\/wp\/v2\/posts\/513790\/revisions"}],"predecessor-version":[{"id":513792,"href":"http:\/\/desarrollo.grupomedios.com\/futbol\/wp-json\/wp\/v2\/posts\/513790\/revisions\/513792"}],"wp:featuredmedia":[{"embeddable":true,"href":"http:\/\/desarrollo.grupomedios.com\/futbol\/wp-json\/wp\/v2\/media\/513791"}],"wp:attachment":[{"href":"http:\/\/desarrollo.grupomedios.com\/futbol\/wp-json\/wp\/v2\/media?parent=513790"}],"wp:term":[{"taxonomy":"category","embeddable":true,"href":"http:\/\/desarrollo.grupomedios.com\/futbol\/wp-json\/wp\/v2\/categories?post=513790"},{"taxonomy":"post_tag","embeddable":true,"href":"http:\/\/desarrollo.grupomedios.com\/futbol\/wp-json\/wp\/v2\/tags?post=513790"}],"curies":[{"name":"wp","href":"https:\/\/api.w.org\/{rel}","templated":true}]}}