{"id":513799,"date":"2018-01-06T15:46:44","date_gmt":"2018-01-06T21:46:44","guid":{"rendered":"https:\/\/www.futboltotal.com.mx\/?p=513799"},"modified":"2018-01-06T15:46:44","modified_gmt":"2018-01-06T21:46:44","slug":"paco-jemez-frustrado-derrota-tonta-las-palmas","status":"publish","type":"post","link":"http:\/\/desarrollo.grupomedios.com\/futbol\/futbol-internacional\/paco-jemez-frustrado-derrota-tonta-las-palmas\/2018\/01","title":{"rendered":"Paco J\u00e9mez, frustrado por derrota &#8220;tonta&#8221; con Las Palmas"},"content":{"rendered":"<p>El entrenador de Las Palmas, <strong>Paco J\u00e9mez<\/strong>, lament\u00f3 que el Eibar haya logrado la victoria (1-2) &#8220;con dos balones a\u00e9reos, dos jugadas f\u00e1ciles de defender&#8221;, y se\u00f1al\u00f3 que su equipo tiene &#8220;un grave problema defensivo&#8221; que deber\u00e1 corregir &#8220;a corto plazo&#8221; o est\u00e1 &#8220;muerto desde ya&#8221;.<\/p>\n<p>&#8220;Tenemos un problema defensivo grave. Al <strong>Eibar<\/strong> le ha valido con dos balones puestos arriba para ganar, y as\u00ed, en esta categor\u00eda, no podemos competir, cualquier equipo de Primera tiene que saber ajustar ese tipo de jugadas&#8221;, ha dicho en la sala de prensa.<\/p>\n<p>J\u00e9mez ha insistido en que las dos acciones, convertidas por <strong>Orellana y Seri Enrich<\/strong>, eran &#8220;previsibles&#8221; y de las &#8220;m\u00e1s f\u00e1ciles de defender que hay en el f\u00fatbol&#8221;, porque los jugadores est\u00e1n &#8220;viendo el bal\u00f3n y la marca&#8221;, pero tuvieron &#8220;poca intensidad dentro del \u00e1rea&#8221; y han &#8220;regalado&#8221; los dos goles visitantes en un partido que, a su juicio, ten\u00edan &#8220;controlado&#8221;.<\/p>\n<p style=\"text-align: center;\"><span style=\"color: #333399;\"><a href=\"https:\/\/www.futboltotal.com.mx\/futbol-internacional\/real-madrid-intentara-complicado-trueque-benzema-icardi\/2018\/01\">VER M\u00c1S:\u00a0<span class=\"item-title\">Real Madrid intentar\u00e1 complicado trueque Benzema-Icardi<\/span><\/a><\/span><\/p>\n<p style=\"text-align: left;\"><span style=\"color: #333399;\"><\/span>El preparador isle\u00f1o, quien debutaba hoy en la Liga espa\u00f1ola con <strong>Las Palmas<\/strong> tras hacerlo contra el Valencia el pasado mi\u00e9rcoles en la Copa del Rey en id\u00e9ntico escenario (1-1) despu\u00e9s de su paso por el f\u00fatbol mexicano, ha ido m\u00e1s all\u00e1 en su cr\u00edtica, ya que considera que se ha encontrado &#8220;muchas m\u00e1s cosas&#8221; y &#8220;m\u00e1s graves&#8221; por corregir de las que se imaginaba antes de aceptar el cargo de entrenador del actual colista.<\/p>\n<p>&#8220;<strong>Trabajaremos las horas que sean necesarias para arreglar las cosas a corto plazo<\/strong>, empezando por ser un equipo m\u00e1s s\u00f3lido y consistente atr\u00e1s; que los contrarios tengan que hacer mucho m\u00e1s para marcarnos goles&#8221;, ha puntualizado.<\/p>\n<p>El t\u00e9cnico se va de este partido con la <strong>sensaci\u00f3n &#8220;triste&#8221;<\/strong> de ver a un equipo &#8220;generoso&#8221; en un esfuerzo que luego &#8220;no sirve para nada&#8221;.<\/p>\n<p style=\"text-align: left;\"><em>(Con informaci\u00f3n de EFE)<\/em><\/p>\n","protected":false},"excerpt":{"rendered":"<p>El entrenador espa\u00f1ol no encuentra la br\u00fajula en su regreso a LaLiga<\/p>\n","protected":false},"author":160,"featured_media":513800,"comment_status":"closed","ping_status":"closed","sticky":false,"template":"","format":"standard","meta":[],"categories":[3839,3844],"tags":[7614,4465,7053],"_links":{"self":[{"href":"http:\/\/desarrollo.grupomedios.com\/futbol\/wp-json\/wp\/v2\/posts\/513799"}],"collection":[{"href":"http:\/\/desarrollo.grupomedios.com\/futbol\/wp-json\/wp\/v2\/posts"}],"about":[{"href":"http:\/\/desarrollo.grupomedios.com\/futbol\/wp-json\/wp\/v2\/types\/post"}],"author":[{"embeddable":true,"href":"http:\/\/desarrollo.grupomedios.com\/futbol\/wp-json\/wp\/v2\/users\/160"}],"replies":[{"embeddable":true,"href":"http:\/\/desarrollo.grupomedios.com\/futbol\/wp-json\/wp\/v2\/comments?post=513799"}],"version-history":[{"count":1,"href":"http:\/\/desarrollo.grupomedios.com\/futbol\/wp-json\/wp\/v2\/posts\/513799\/revisions"}],"predecessor-version":[{"id":513801,"href":"http:\/\/desarrollo.grupomedios.com\/futbol\/wp-json\/wp\/v2\/posts\/513799\/revisions\/513801"}],"wp:featuredmedia":[{"embeddable":true,"href":"http:\/\/desarrollo.grupomedios.com\/futbol\/wp-json\/wp\/v2\/media\/513800"}],"wp:attachment":[{"href":"http:\/\/desarrollo.grupomedios.com\/futbol\/wp-json\/wp\/v2\/media?parent=513799"}],"wp:term":[{"taxonomy":"category","embeddable":true,"href":"http:\/\/desarrollo.grupomedios.com\/futbol\/wp-json\/wp\/v2\/categories?post=513799"},{"taxonomy":"post_tag","embeddable":true,"href":"http:\/\/desarrollo.grupomedios.com\/futbol\/wp-json\/wp\/v2\/tags?post=513799"}],"curies":[{"name":"wp","href":"https:\/\/api.w.org\/{rel}","templated":true}]}}