{"id":513805,"date":"2018-01-06T16:24:52","date_gmt":"2018-01-06T22:24:52","guid":{"rendered":"https:\/\/www.futboltotal.com.mx\/?p=513805"},"modified":"2018-01-06T16:24:52","modified_gmt":"2018-01-06T22:24:52","slug":"charly-futbol-presenta-elegante-jersey-xolos-tijuana","status":"publish","type":"post","link":"http:\/\/desarrollo.grupomedios.com\/futbol\/futbol-mexicano\/charly-futbol-presenta-elegante-jersey-xolos-tijuana\/2018\/01","title":{"rendered":"Charly F\u00fatbol presenta elegante jersey de Xolos de Tijuana"},"content":{"rendered":"<p>Los <strong>Xolos de Tijuana<\/strong> tendr\u00e1n una indumentaria alternativa para este torneo <strong>Clausura 2018<\/strong>, el cuadro fronterizo se encarg\u00f3 de presentar el elegante jersey que utilizar\u00e1n para esta campa\u00f1a en el debut del argentino <strong>Diego Cocca<\/strong> como estratega en el equipo.<\/p>\n<p><strong>Charly F\u00fatbol<\/strong>, encargado de dise\u00f1ar la nueva piel de <strong>Xolos<\/strong> se encarg\u00f3 de darle un giro al tradicional jersey rojo con negro, en esta ocasi\u00f3n eligi\u00f3 el segundo tono como principal y ayuda a darle un toque de elegancia, adem\u00e1s que los patrocinadores quedaron en un solo color; blanco.<\/p>\n<p style=\"text-align: center;\"><a href=\"https:\/\/www.futboltotal.com.mx\/futbol-internacional\/top-5-fichajes-caros-en-la-historia-del-futbol\/2018\/01\" target=\"_blank\" rel=\"noopener\">VER M\u00c1S: Top 5 de fichajes m\u00e1s caros en la historia del Futbol<\/a><\/p>\n<p>El elemento que destaca es el delineado en rojo que forma la &#8216;X&#8217; representativa del equipo al llamarse Xolos y una se\u00f1al que suelen hacer los aficionados cruzando los brazos para referirse al equipo.<\/p>\n<div id=\"attachment_513806\" style=\"width: 1210px\" class=\"wp-caption aligncenter\"><img aria-describedby=\"caption-attachment-513806\" decoding=\"async\" loading=\"lazy\" class=\"size-full wp-image-513806\" src=\"https:\/\/www.futboltotal.com.mx\/wp-content\/uploads\/2018\/01\/xolos-de-tijuana-jersey.jpg\" alt=\"Charly F\u00fatbol se encarg\u00f3 de hacer un dise\u00f1o elegante\" srcset=\"http:\/\/desarrollo.grupomedios.com\/futbol\/wp-content\/uploads\/2018\/01\/xolos-de-tijuana-jersey.jpg 1200w, http:\/\/desarrollo.grupomedios.com\/futbol\/wp-content\/uploads\/2018\/01\/xolos-de-tijuana-jersey-150x150.jpg 150w, http:\/\/desarrollo.grupomedios.com\/futbol\/wp-content\/uploads\/2018\/01\/xolos-de-tijuana-jersey-300x300.jpg 300w, http:\/\/desarrollo.grupomedios.com\/futbol\/wp-content\/uploads\/2018\/01\/xolos-de-tijuana-jersey-768x768.jpg 768w, http:\/\/desarrollo.grupomedios.com\/futbol\/wp-content\/uploads\/2018\/01\/xolos-de-tijuana-jersey-1024x1024.jpg 1024w\" sizes=\"(max-width: 1200px) 100vw, 1200px\" \/><p id=\"caption-attachment-513806\" class=\"wp-caption-text\">Xolos de Tijuana tiene nueva indumentaria para el Clausura 2018<\/p><\/div>\n<p style=\"text-align: center;\"><a href=\"https:\/\/www.futboltotal.com.mx\/futbol-mexicano\/liga-mx\/lobos-buap-busco-a-cesar-chelito-delgado\/2018\/01\" target=\"_blank\" rel=\"noopener\">VER M\u00c1S: Lobos BUAP busc\u00f3 a Chelito Delgado<\/a><\/p>\n<p>&nbsp;<\/p>\n","protected":false},"excerpt":{"rendered":"<p>El cuadro fronterizo tendr\u00e1 una nueva indumentaria para este Clausura 2018<\/p>\n","protected":false},"author":159,"featured_media":513807,"comment_status":"closed","ping_status":"closed","sticky":false,"template":"","format":"standard","meta":[],"categories":[2198,3845],"tags":[8119,9028,64,1555],"_links":{"self":[{"href":"http:\/\/desarrollo.grupomedios.com\/futbol\/wp-json\/wp\/v2\/posts\/513805"}],"collection":[{"href":"http:\/\/desarrollo.grupomedios.com\/futbol\/wp-json\/wp\/v2\/posts"}],"about":[{"href":"http:\/\/desarrollo.grupomedios.com\/futbol\/wp-json\/wp\/v2\/types\/post"}],"author":[{"embeddable":true,"href":"http:\/\/desarrollo.grupomedios.com\/futbol\/wp-json\/wp\/v2\/users\/159"}],"replies":[{"embeddable":true,"href":"http:\/\/desarrollo.grupomedios.com\/futbol\/wp-json\/wp\/v2\/comments?post=513805"}],"version-history":[{"count":1,"href":"http:\/\/desarrollo.grupomedios.com\/futbol\/wp-json\/wp\/v2\/posts\/513805\/revisions"}],"predecessor-version":[{"id":513808,"href":"http:\/\/desarrollo.grupomedios.com\/futbol\/wp-json\/wp\/v2\/posts\/513805\/revisions\/513808"}],"wp:featuredmedia":[{"embeddable":true,"href":"http:\/\/desarrollo.grupomedios.com\/futbol\/wp-json\/wp\/v2\/media\/513807"}],"wp:attachment":[{"href":"http:\/\/desarrollo.grupomedios.com\/futbol\/wp-json\/wp\/v2\/media?parent=513805"}],"wp:term":[{"taxonomy":"category","embeddable":true,"href":"http:\/\/desarrollo.grupomedios.com\/futbol\/wp-json\/wp\/v2\/categories?post=513805"},{"taxonomy":"post_tag","embeddable":true,"href":"http:\/\/desarrollo.grupomedios.com\/futbol\/wp-json\/wp\/v2\/tags?post=513805"}],"curies":[{"name":"wp","href":"https:\/\/api.w.org\/{rel}","templated":true}]}}