{"id":513845,"date":"2018-01-07T09:29:59","date_gmt":"2018-01-07T15:29:59","guid":{"rendered":"https:\/\/www.futboltotal.com.mx\/?p=513845"},"modified":"2018-01-07T09:29:59","modified_gmt":"2018-01-07T15:29:59","slug":"real-madrid-ofrecio-200-mde-coutinho-ni-los-miro","status":"publish","type":"post","link":"http:\/\/desarrollo.grupomedios.com\/futbol\/destacado-home\/real-madrid-ofrecio-200-mde-coutinho-ni-los-miro\/2018\/01","title":{"rendered":"Real Madrid ofreci\u00f3 200 mde por Coutinho, pero \u00e9l ni los mir\u00f3"},"content":{"rendered":"<p>El futbolista brasile\u00f1o <strong>Phillippe Coutinho<\/strong> se convirti\u00f3 en el &#8220;regalo de Reyes&#8221; del <strong>FC Barcelona<\/strong> para la afici\u00f3n y el equipo.<\/p>\n<p>Un contrato de <strong>5 a\u00f1os y medio y 160 millones de euros<\/strong> fue lo que convenci\u00f3 al jugador de llegar a la instituci\u00f3n blaugrana.<\/p>\n<p>Medios espa\u00f1oles han comentado que <strong>Real Madrid<\/strong> trat\u00f3 de meterse en la negociaci\u00f3n, al ofrecer<strong> 200 millones de euros<\/strong> por el brasile\u00f1o.<\/p>\n<p style=\"text-align: center;\"><span style=\"color: #333399;\"><a href=\"https:\/\/www.futboltotal.com.mx\/futbol-internacional\/coutinho-desesperado-ir-al-barcelona\/2018\/01\">VER M\u00c1S:\u00a0<span class=\"item-title\">Coutinho, desesperado por ir al Barcelona<\/span><\/a><\/span><\/p>\n<p>Sin embargo, se sabe que Coutinho hizo caso omiso a la oferta, ya que su deseo era estar a lado de <strong>Lionel Messi, Luis Su\u00e1rez, Paulinho<\/strong> y compa\u00f1\u00eda.<\/p>\n","protected":false},"excerpt":{"rendered":"<p>El brasile\u00f1o ten\u00eda en su mente s\u00f3lo ir al FC Barcelona<\/p>\n","protected":false},"author":160,"featured_media":513846,"comment_status":"closed","ping_status":"closed","sticky":false,"template":"","format":"standard","meta":[],"categories":[5,3839,3844],"tags":[5984,2616,5988],"_links":{"self":[{"href":"http:\/\/desarrollo.grupomedios.com\/futbol\/wp-json\/wp\/v2\/posts\/513845"}],"collection":[{"href":"http:\/\/desarrollo.grupomedios.com\/futbol\/wp-json\/wp\/v2\/posts"}],"about":[{"href":"http:\/\/desarrollo.grupomedios.com\/futbol\/wp-json\/wp\/v2\/types\/post"}],"author":[{"embeddable":true,"href":"http:\/\/desarrollo.grupomedios.com\/futbol\/wp-json\/wp\/v2\/users\/160"}],"replies":[{"embeddable":true,"href":"http:\/\/desarrollo.grupomedios.com\/futbol\/wp-json\/wp\/v2\/comments?post=513845"}],"version-history":[{"count":1,"href":"http:\/\/desarrollo.grupomedios.com\/futbol\/wp-json\/wp\/v2\/posts\/513845\/revisions"}],"predecessor-version":[{"id":513847,"href":"http:\/\/desarrollo.grupomedios.com\/futbol\/wp-json\/wp\/v2\/posts\/513845\/revisions\/513847"}],"wp:featuredmedia":[{"embeddable":true,"href":"http:\/\/desarrollo.grupomedios.com\/futbol\/wp-json\/wp\/v2\/media\/513846"}],"wp:attachment":[{"href":"http:\/\/desarrollo.grupomedios.com\/futbol\/wp-json\/wp\/v2\/media?parent=513845"}],"wp:term":[{"taxonomy":"category","embeddable":true,"href":"http:\/\/desarrollo.grupomedios.com\/futbol\/wp-json\/wp\/v2\/categories?post=513845"},{"taxonomy":"post_tag","embeddable":true,"href":"http:\/\/desarrollo.grupomedios.com\/futbol\/wp-json\/wp\/v2\/tags?post=513845"}],"curies":[{"name":"wp","href":"https:\/\/api.w.org\/{rel}","templated":true}]}}