{"id":513848,"date":"2018-01-07T09:45:13","date_gmt":"2018-01-07T15:45:13","guid":{"rendered":"https:\/\/www.futboltotal.com.mx\/?p=513848"},"modified":"2018-01-07T09:45:13","modified_gmt":"2018-01-07T15:45:13","slug":"silvio-romero-las-maletas-listas-ir-a-river-plate","status":"publish","type":"post","link":"http:\/\/desarrollo.grupomedios.com\/futbol\/destacado-home\/silvio-romero-las-maletas-listas-ir-a-river-plate\/2018\/01","title":{"rendered":"Silvio Romero tiene las maletas listas para ir a River Plate"},"content":{"rendered":"<p>El delantero argentino <strong>Silvio Romero<\/strong> estar\u00eda dejando en los pr\u00f3ximos d\u00edas a las <strong>\u00c1guilas del Am\u00e9rica<\/strong> para fichar con el River Plate.<\/p>\n<p>El futbolista ya habr\u00eda sido contactado por el entrenador de los &#8216;millonarios&#8217;, <strong>Marcelo Gallardo<\/strong>, para formar parte de la plantilla argentina.<\/p>\n<p>El diario <em>RECORD<\/em> dio a conocer que <strong>Enzo Francescoli<\/strong>, directivo de <strong>River Plate<\/strong>, ya se puso en contacto con los representantes del jugador para afinar detalles de su contrato.<\/p>\n<p style=\"text-align: center;\"><span style=\"color: #333399;\"><a href=\"https:\/\/www.futboltotal.com.mx\/destacado-home\/real-madrid-ofrecio-200-mde-coutinho-ni-los-miro\/2018\/01\">VER M\u00c1S:\u00a0<span class=\"item-title\">Real Madrid ofreci\u00f3 200 mde por Coutinho, pero \u00e9l ni los mir\u00f3<\/span><\/a><\/span><\/p>\n<p><strong>6 millones de d\u00f3lares<\/strong> pagar\u00eda el cuadro de la liga argentina por los servicios del &#8216;Chino&#8217; Romero.<\/p>\n","protected":false},"excerpt":{"rendered":"<p>El futbolista argentino vivir\u00eda sus \u00faltimas horas como azulcrema<\/p>\n","protected":false},"author":160,"featured_media":513849,"comment_status":"closed","ping_status":"closed","sticky":false,"template":"","format":"standard","meta":[],"categories":[5,2198,3845],"tags":[5959,164,6803],"_links":{"self":[{"href":"http:\/\/desarrollo.grupomedios.com\/futbol\/wp-json\/wp\/v2\/posts\/513848"}],"collection":[{"href":"http:\/\/desarrollo.grupomedios.com\/futbol\/wp-json\/wp\/v2\/posts"}],"about":[{"href":"http:\/\/desarrollo.grupomedios.com\/futbol\/wp-json\/wp\/v2\/types\/post"}],"author":[{"embeddable":true,"href":"http:\/\/desarrollo.grupomedios.com\/futbol\/wp-json\/wp\/v2\/users\/160"}],"replies":[{"embeddable":true,"href":"http:\/\/desarrollo.grupomedios.com\/futbol\/wp-json\/wp\/v2\/comments?post=513848"}],"version-history":[{"count":1,"href":"http:\/\/desarrollo.grupomedios.com\/futbol\/wp-json\/wp\/v2\/posts\/513848\/revisions"}],"predecessor-version":[{"id":513850,"href":"http:\/\/desarrollo.grupomedios.com\/futbol\/wp-json\/wp\/v2\/posts\/513848\/revisions\/513850"}],"wp:featuredmedia":[{"embeddable":true,"href":"http:\/\/desarrollo.grupomedios.com\/futbol\/wp-json\/wp\/v2\/media\/513849"}],"wp:attachment":[{"href":"http:\/\/desarrollo.grupomedios.com\/futbol\/wp-json\/wp\/v2\/media?parent=513848"}],"wp:term":[{"taxonomy":"category","embeddable":true,"href":"http:\/\/desarrollo.grupomedios.com\/futbol\/wp-json\/wp\/v2\/categories?post=513848"},{"taxonomy":"post_tag","embeddable":true,"href":"http:\/\/desarrollo.grupomedios.com\/futbol\/wp-json\/wp\/v2\/tags?post=513848"}],"curies":[{"name":"wp","href":"https:\/\/api.w.org\/{rel}","templated":true}]}}