{"id":513854,"date":"2018-01-07T11:21:12","date_gmt":"2018-01-07T17:21:12","guid":{"rendered":"https:\/\/www.futboltotal.com.mx\/?p=513854"},"modified":"2018-01-07T11:21:12","modified_gmt":"2018-01-07T17:21:12","slug":"barcelona-3-levante-0-liga-de-espana-resumen","status":"publish","type":"post","link":"http:\/\/desarrollo.grupomedios.com\/futbol\/destacado-home\/barcelona-3-levante-0-liga-de-espana-resumen\/2018\/01","title":{"rendered":"Lionel Messi gu\u00eda al Barcelona al triunfo sobre Levante"},"content":{"rendered":"<p>El <strong>Barcelona<\/strong> mantuvo este domingo su condici\u00f3n de invicto de <strong>LaLiga Santander<\/strong> con una victoria en el Camp Nou ante el <strong>Levante<\/strong> (3-0) en un partido que se decidi\u00f3 en el primer tiempo cuando <strong>Leo Messi y Luis Su\u00e1rez<\/strong> anotaron dos de los tres tantos del encuentro.<\/p>\n<p>Anot\u00f3 el primero el argentino en el minuto 12 con un disparo tras una asistencia desde la banda izquierda de <strong>Jordi Alba<\/strong> con la cabeza, mientras que antes del descanso (min.38).<\/p>\n<blockquote class=\"twitter-video\" data-lang=\"es\">\n<p dir=\"ltr\" lang=\"es\">El gol de Messi vs Levante.<\/p>\n<p>1-0 lo gana el Bar\u00e7a. <a href=\"https:\/\/t.co\/CHZVDBcXZs\">pic.twitter.com\/CHZVDBcXZs<\/a><\/p>\n<p>\u2014 Esteban M\u00e1rquez G. (@EstebanMqzG) <a href=\"https:\/\/twitter.com\/EstebanMqzG\/status\/950027335515820032?ref_src=twsrc%5Etfw\">7 de enero de 2018<\/a><\/p><\/blockquote>\n<p><script async src=\"https:\/\/platform.twitter.com\/widgets.js\" charset=\"utf-8\"><\/script><\/p>\n<p>Luis Su\u00e1rez, de volea tras un centro de <strong>Sergi Roberto<\/strong>, transformaba el segundo.<\/p>\n<blockquote class=\"twitter-video\" data-lang=\"es\">\n<p dir=\"ltr\" lang=\"es\">\u00a1El gol de Luis Su\u00e1rez!<\/p>\n<p>2-0 lo gana el Bar\u00e7a. <a href=\"https:\/\/t.co\/hZpZG3Ul1E\">pic.twitter.com\/hZpZG3Ul1E<\/a><\/p>\n<p>\u2014 Esteban M\u00e1rquez G. (@EstebanMqzG) <a href=\"https:\/\/twitter.com\/EstebanMqzG\/status\/950033695800311808?ref_src=twsrc%5Etfw\">7 de enero de 2018<\/a><\/p><\/blockquote>\n<p><script async src=\"https:\/\/platform.twitter.com\/widgets.js\" charset=\"utf-8\"><\/script><\/p>\n<p>En el tiempo a\u00f1adido (90+3), <strong>Paulinho<\/strong> cerr\u00f3 el encuentro con un remate sin oposici\u00f3n desde el interior del \u00e1rea.<\/p>\n<blockquote class=\"twitter-video\" data-lang=\"es\">\n<p dir=\"ltr\" lang=\"pt\">Gol de Paulinho vs Levante <a href=\"https:\/\/t.co\/qbNq2P9KJr\">pic.twitter.com\/qbNq2P9KJr<\/a><\/p>\n<p>\u2014 catenaccio (@fccatenaccio) <a href=\"https:\/\/twitter.com\/fccatenaccio\/status\/950051754174902272?ref_src=twsrc%5Etfw\">7 de enero de 2018<\/a><\/p><\/blockquote>\n<p><script async src=\"https:\/\/platform.twitter.com\/widgets.js\" charset=\"utf-8\"><\/script><\/p>\n<p><em>(Con informaci\u00f3n de EFE)<\/em><\/p>\n","protected":false},"excerpt":{"rendered":"<p>Con gol y asistencia del argentino, el cuadro cul\u00e9 gole\u00f3 a los visitantes<\/p>\n","protected":false},"author":160,"featured_media":513855,"comment_status":"closed","ping_status":"closed","sticky":false,"template":"","format":"standard","meta":[],"categories":[5,3839,3844],"tags":[5984,568,1913,6012],"_links":{"self":[{"href":"http:\/\/desarrollo.grupomedios.com\/futbol\/wp-json\/wp\/v2\/posts\/513854"}],"collection":[{"href":"http:\/\/desarrollo.grupomedios.com\/futbol\/wp-json\/wp\/v2\/posts"}],"about":[{"href":"http:\/\/desarrollo.grupomedios.com\/futbol\/wp-json\/wp\/v2\/types\/post"}],"author":[{"embeddable":true,"href":"http:\/\/desarrollo.grupomedios.com\/futbol\/wp-json\/wp\/v2\/users\/160"}],"replies":[{"embeddable":true,"href":"http:\/\/desarrollo.grupomedios.com\/futbol\/wp-json\/wp\/v2\/comments?post=513854"}],"version-history":[{"count":1,"href":"http:\/\/desarrollo.grupomedios.com\/futbol\/wp-json\/wp\/v2\/posts\/513854\/revisions"}],"predecessor-version":[{"id":513856,"href":"http:\/\/desarrollo.grupomedios.com\/futbol\/wp-json\/wp\/v2\/posts\/513854\/revisions\/513856"}],"wp:featuredmedia":[{"embeddable":true,"href":"http:\/\/desarrollo.grupomedios.com\/futbol\/wp-json\/wp\/v2\/media\/513855"}],"wp:attachment":[{"href":"http:\/\/desarrollo.grupomedios.com\/futbol\/wp-json\/wp\/v2\/media?parent=513854"}],"wp:term":[{"taxonomy":"category","embeddable":true,"href":"http:\/\/desarrollo.grupomedios.com\/futbol\/wp-json\/wp\/v2\/categories?post=513854"},{"taxonomy":"post_tag","embeddable":true,"href":"http:\/\/desarrollo.grupomedios.com\/futbol\/wp-json\/wp\/v2\/tags?post=513854"}],"curies":[{"name":"wp","href":"https:\/\/api.w.org\/{rel}","templated":true}]}}