{"id":513857,"date":"2018-01-07T11:59:32","date_gmt":"2018-01-07T17:59:32","guid":{"rendered":"https:\/\/www.futboltotal.com.mx\/?p=513857"},"modified":"2018-01-07T11:59:32","modified_gmt":"2018-01-07T17:59:32","slug":"america-luuk-jong-una-relacion-llegaria-a-darse","status":"publish","type":"post","link":"http:\/\/desarrollo.grupomedios.com\/futbol\/destacado-home\/america-luuk-jong-una-relacion-llegaria-a-darse\/2018\/01","title":{"rendered":"Am\u00e9rica y Luuk de Jong, una relaci\u00f3n que no llegar\u00eda a darse"},"content":{"rendered":"<p>Las <strong>\u00c1guilas del Am\u00e9rica<\/strong> quieren cerrar con broche de oro sus fichajes internacionales, y para ello ya llevan algunas semanas negociando con el delantero holand\u00e9s del PSV, <strong>Luuk de Jong<\/strong>.<\/p>\n<p>De Jong ha interesado por su capacidad para realizar goles de cabeza, con el pie, un delantero joven que es una actual promesa del futbol europeo.<\/p>\n<p>Sin embargo, los azulcremas no han querido pagar los <strong>8.4 mdd<\/strong> que pide el cuadro del <strong>PSV<\/strong> por la carta del holand\u00e9s, y esperan una rebaja del precio.<\/p>\n<p style=\"text-align: center;\"><span style=\"color: #333399;\"><a href=\"https:\/\/www.futboltotal.com.mx\/futbol-mexicano\/america-chivas-pudieron-en-inicio-la-liga-femenil\/2018\/01\">VER M\u00c1S:\u00a0<span class=\"item-title\">Am\u00e9rica y Chivas no pudieron en el inicio de la Liga Femenil<\/span><\/a><\/span><\/p>\n<p>Aunado a ello, informaci\u00f3n del diario <em>RECORD<\/em> dio a conocer que el salario del futbolista es otra de las cosas que se est\u00e1 negociando entre representantes, que no han podido llegar a un arreglo.<\/p>\n<p>Am\u00e9rica inicia este domingo el torneo en su visita a los <strong>Gallos Blancos de Quer\u00e9taro<\/strong>, y pese a que a\u00fan queda todo enero para hacer fichajes, parece que poco a poco comienza a disiparse la sociedad con el delantero holand\u00e9s Luuk de Jong.<\/p>\n<p><em>(Con informaci\u00f3n de Record)<\/em><\/p>\n<p>&nbsp;<\/p>\n","protected":false},"excerpt":{"rendered":"<p>Los azulcremas no querr\u00edan pagar los 8.4 mdd que pide el PSV<\/p>\n","protected":false},"author":160,"featured_media":513858,"comment_status":"closed","ping_status":"closed","sticky":false,"template":"","format":"standard","meta":[],"categories":[5,2198,3845],"tags":[5959,11485],"_links":{"self":[{"href":"http:\/\/desarrollo.grupomedios.com\/futbol\/wp-json\/wp\/v2\/posts\/513857"}],"collection":[{"href":"http:\/\/desarrollo.grupomedios.com\/futbol\/wp-json\/wp\/v2\/posts"}],"about":[{"href":"http:\/\/desarrollo.grupomedios.com\/futbol\/wp-json\/wp\/v2\/types\/post"}],"author":[{"embeddable":true,"href":"http:\/\/desarrollo.grupomedios.com\/futbol\/wp-json\/wp\/v2\/users\/160"}],"replies":[{"embeddable":true,"href":"http:\/\/desarrollo.grupomedios.com\/futbol\/wp-json\/wp\/v2\/comments?post=513857"}],"version-history":[{"count":1,"href":"http:\/\/desarrollo.grupomedios.com\/futbol\/wp-json\/wp\/v2\/posts\/513857\/revisions"}],"predecessor-version":[{"id":513859,"href":"http:\/\/desarrollo.grupomedios.com\/futbol\/wp-json\/wp\/v2\/posts\/513857\/revisions\/513859"}],"wp:featuredmedia":[{"embeddable":true,"href":"http:\/\/desarrollo.grupomedios.com\/futbol\/wp-json\/wp\/v2\/media\/513858"}],"wp:attachment":[{"href":"http:\/\/desarrollo.grupomedios.com\/futbol\/wp-json\/wp\/v2\/media?parent=513857"}],"wp:term":[{"taxonomy":"category","embeddable":true,"href":"http:\/\/desarrollo.grupomedios.com\/futbol\/wp-json\/wp\/v2\/categories?post=513857"},{"taxonomy":"post_tag","embeddable":true,"href":"http:\/\/desarrollo.grupomedios.com\/futbol\/wp-json\/wp\/v2\/tags?post=513857"}],"curies":[{"name":"wp","href":"https:\/\/api.w.org\/{rel}","templated":true}]}}