{"id":513865,"date":"2018-01-07T13:53:34","date_gmt":"2018-01-07T19:53:34","guid":{"rendered":"https:\/\/www.futboltotal.com.mx\/?p=513865"},"modified":"2018-01-07T13:53:34","modified_gmt":"2018-01-07T19:53:34","slug":"raul-jimenez-jugo-en-triunfo-del-benfica","status":"publish","type":"post","link":"http:\/\/desarrollo.grupomedios.com\/futbol\/futbol-internacional\/raul-jimenez-jugo-en-triunfo-del-benfica\/2018\/01","title":{"rendered":"Ra\u00fal Jim\u00e9nez &#8220;jug\u00f3&#8221; en triunfo del Benfica"},"content":{"rendered":"<p>El <strong>Benfica<\/strong> de <strong>Ra\u00fal Jim\u00e9nez<\/strong> dio cuenta hoy del <strong>Moreirense<\/strong> (0-2) gracias a los tantos anotados por el internacional luso <strong>Pizzi<\/strong>\u00a0 y el brasile\u00f1o<strong> Jonas<\/strong>.<\/p>\n<blockquote class=\"twitter-tweet\" data-width=\"500\">\n<p lang=\"pt\" dir=\"ltr\"><a href=\"https:\/\/twitter.com\/hashtag\/MFCSLB?src=hash&amp;ref_src=twsrc%5Etfw\">#MFCSLB<\/a> | \u23f9 Termina o encontro. | Resultado final: Moreirense FC 0-2 SL Benfica. Rev\u00ea todos os lances desta partida no nosso Game Hub \u27a1 <a href=\"https:\/\/t.co\/3zzUc3G3ni\">https:\/\/t.co\/3zzUc3G3ni<\/a> <a href=\"https:\/\/t.co\/Uv91pbszEr\">pic.twitter.com\/Uv91pbszEr<\/a><\/p>\n<p>&mdash; SL Benfica (@SLBenfica) <a href=\"https:\/\/twitter.com\/SLBenfica\/status\/950062195961925632?ref_src=twsrc%5Etfw\">January 7, 2018<\/a><\/p><\/blockquote>\n<p><script async src=\"https:\/\/platform.twitter.com\/widgets.js\" charset=\"utf-8\"><\/script><\/p>\n<p>La primera parte fue de dominio total de los encarnados, que se adelantaron en el minuto 23 tras un remate certero de Pizzi, ex jugador del Atl\u00e9tico de Madrid.<\/p>\n<p>El arranque del segundo per\u00edodo fue m\u00e1s equilibrado, con un Moreirense que pudo igualar la contienda hasta en dos ocasiones, aunque las buenas intervenciones de Bruno Varela lo impidieron.<\/p>\n<p style=\"text-align: center;\"><span style=\"color: #3366ff;\"><a href=\"https:\/\/www.futboltotal.com.mx\/futbol-internacional\/liga-de-espana\/real-madrid-ofrecio-200-mde-coutinho-ni-los-miro\/2018\/01\">VER M\u00c1S: Real Madrid ofreci\u00f3 200 mde por Coutinho, pero \u00e9l ni los mir\u00f3<\/a><\/span><\/p>\n<p>Cuando m\u00e1s peligro llevaban los de Moreira de C\u00f3negos, lleg\u00f3 en el minuto 74 el tanto que sentenciaba el encuentro, obra de Jonas, el m\u00e1ximo goleador de la Liga de Portugal con veinte dianas.<\/p>\n<p>El mexicano Jim\u00e9nez apenas jug\u00f3 8 minutos, pues el t\u00e9cnico le dio ingreso al delantero ya cuando el partido estaba definido.<\/p>\n<blockquote class=\"twitter-tweet\" data-data-dnt=\"true\">\n<p lang=\"pt\" dir=\"ltr\"><a href=\"https:\/\/twitter.com\/hashtag\/MFCSLB?src=hash&amp;ref_src=twsrc%5Etfw\">#MFCSLB<\/a> | 0-2 | \ud83d\udd04 84&#39; Substitui\u00e7\u00e3o: sai Jonas, entra Ra\u00fal.<\/p>\n<p>&mdash; SL Benfica (@SLBenfica) <a href=\"https:\/\/twitter.com\/SLBenfica\/status\/950059875933081601?ref_src=twsrc%5Etfw\">January 7, 2018<\/a><\/p><\/blockquote>\n<p><script async src=\"https:\/\/platform.twitter.com\/widgets.js\" charset=\"utf-8\"><\/script><\/p>\n<p>Con esta victoria, el Benfica es segundo con 40 puntos, los mismos que el Sporting y 2 menos que el Oporto, aunque con un partido m\u00e1s que ambos. EFE<\/p>\n","protected":false},"excerpt":{"rendered":"<p>El mexicano sigue con poca participaci\u00f3n con las \u00c1guilas.<\/p>\n","protected":false},"author":129,"featured_media":513280,"comment_status":"closed","ping_status":"closed","sticky":false,"template":"","format":"standard","meta":[],"categories":[3839,7709],"tags":[6060,6214,3804,742],"_links":{"self":[{"href":"http:\/\/desarrollo.grupomedios.com\/futbol\/wp-json\/wp\/v2\/posts\/513865"}],"collection":[{"href":"http:\/\/desarrollo.grupomedios.com\/futbol\/wp-json\/wp\/v2\/posts"}],"about":[{"href":"http:\/\/desarrollo.grupomedios.com\/futbol\/wp-json\/wp\/v2\/types\/post"}],"author":[{"embeddable":true,"href":"http:\/\/desarrollo.grupomedios.com\/futbol\/wp-json\/wp\/v2\/users\/129"}],"replies":[{"embeddable":true,"href":"http:\/\/desarrollo.grupomedios.com\/futbol\/wp-json\/wp\/v2\/comments?post=513865"}],"version-history":[{"count":1,"href":"http:\/\/desarrollo.grupomedios.com\/futbol\/wp-json\/wp\/v2\/posts\/513865\/revisions"}],"predecessor-version":[{"id":513867,"href":"http:\/\/desarrollo.grupomedios.com\/futbol\/wp-json\/wp\/v2\/posts\/513865\/revisions\/513867"}],"wp:featuredmedia":[{"embeddable":true,"href":"http:\/\/desarrollo.grupomedios.com\/futbol\/wp-json\/wp\/v2\/media\/513280"}],"wp:attachment":[{"href":"http:\/\/desarrollo.grupomedios.com\/futbol\/wp-json\/wp\/v2\/media?parent=513865"}],"wp:term":[{"taxonomy":"category","embeddable":true,"href":"http:\/\/desarrollo.grupomedios.com\/futbol\/wp-json\/wp\/v2\/categories?post=513865"},{"taxonomy":"post_tag","embeddable":true,"href":"http:\/\/desarrollo.grupomedios.com\/futbol\/wp-json\/wp\/v2\/tags?post=513865"}],"curies":[{"name":"wp","href":"https:\/\/api.w.org\/{rel}","templated":true}]}}