{"id":513869,"date":"2018-01-06T17:06:48","date_gmt":"2018-01-06T23:06:48","guid":{"rendered":"https:\/\/www.futboltotal.com.mx\/?p=513869"},"modified":"2018-01-07T20:00:42","modified_gmt":"2018-01-08T02:00:42","slug":"queretaro-vs-america-liga-mx-clausura-2018-en-vivo-minuto-a-minuto","status":"publish","type":"post","link":"http:\/\/desarrollo.grupomedios.com\/futbol\/futbol-mexicano\/queretaro-vs-america-liga-mx-clausura-2018-en-vivo-minuto-a-minuto\/2018\/01","title":{"rendered":"Quer\u00e9taro vs Am\u00e9rica | Liga MX | EN VIVO: Minuto a minuto"},"content":{"rendered":"<p><strong>Quer\u00e9taro vs Am\u00e9rica<\/strong> se enfrentan en la Jornada 1 del <strong>Clausura 2018<\/strong> de la <strong>Liga MX<\/strong> en la cancha del <strong>Estadio Corregidora<\/strong> este domingo 7 de enero a las 18:00 hrs.<\/p>\n<iframe src=\"https:\/\/en-vivo.futboltotal.com.mx\/embed.php\/?id=492\" width=\"100%\" id=\"frame_minuto\"><\/iframe>\n<p>Los <strong>Gallos Blancos<\/strong> fueron uno de los equipos que m\u00e1s se reforzaron y principalmente en el sector defensivo con la llegada de <strong>Diego Novaretti<\/strong> y el examericanista <strong>Miguel Samudio<\/strong>, aunque en la parte ofensiva tambi\u00e9n se sum\u00f3 <strong>Edson Puch<\/strong> y siguen a la espera de <strong>Mat\u00edas Britos<\/strong> para complementar la delantera junto a <strong>Camilo Sanvezzo<\/strong> y <strong>Yerson Candelo<\/strong>.<\/p>\n<p><strong>Luis Fernando Tena<\/strong> tendr\u00e1 una nueva oportunidad y\u00a0 deber\u00e1 sacar de los \u00faltimos lugares del descenso a Quer\u00e9taro y empezar con una victoria ante Am\u00e9rica, siempre, siempre ser\u00e1 fundamental en lo an\u00edmico para cualquier club.<\/p>\n<p>Por su parte, <strong>las \u00c1guilas<\/strong> llegan tras anunciar las contrataciones de<strong> J\u00e9r\u00e9my M\u00e9nez<\/strong> y <strong>Andr\u00e9s Ibarg\u00fcen<\/strong> a Coapa, pero la primera semana la deber\u00e1 sortear sin ellos con una escuadra que se conoce a la perfecci\u00f3n.<\/p>\n<p><strong>Emanuel Aguilera<\/strong> suple la baja de <strong>Pablo Aguilar<\/strong> en la defensa, mismo caso de <strong>Carlos Vargas<\/strong> por Miguel Samudio. Falta a\u00fan saber si <strong>Cecilio Dom\u00ednguez<\/strong>, <strong>Darwin Quintero<\/strong> o<strong> Silvio Romero<\/strong> salen del club en los siguientes d\u00edas.<\/p>\n","protected":false},"excerpt":{"rendered":"<p>Los Gallos y las \u00c1guilas cierran la Jornada 1 del Clausura 2018.<\/p>\n","protected":false},"author":129,"featured_media":513870,"comment_status":"closed","ping_status":"closed","sticky":false,"template":"","format":"standard","meta":[],"categories":[2198,3845],"tags":[1585,5959,9028,590,64,5970,11530],"_links":{"self":[{"href":"http:\/\/desarrollo.grupomedios.com\/futbol\/wp-json\/wp\/v2\/posts\/513869"}],"collection":[{"href":"http:\/\/desarrollo.grupomedios.com\/futbol\/wp-json\/wp\/v2\/posts"}],"about":[{"href":"http:\/\/desarrollo.grupomedios.com\/futbol\/wp-json\/wp\/v2\/types\/post"}],"author":[{"embeddable":true,"href":"http:\/\/desarrollo.grupomedios.com\/futbol\/wp-json\/wp\/v2\/users\/129"}],"replies":[{"embeddable":true,"href":"http:\/\/desarrollo.grupomedios.com\/futbol\/wp-json\/wp\/v2\/comments?post=513869"}],"version-history":[{"count":1,"href":"http:\/\/desarrollo.grupomedios.com\/futbol\/wp-json\/wp\/v2\/posts\/513869\/revisions"}],"predecessor-version":[{"id":513871,"href":"http:\/\/desarrollo.grupomedios.com\/futbol\/wp-json\/wp\/v2\/posts\/513869\/revisions\/513871"}],"wp:featuredmedia":[{"embeddable":true,"href":"http:\/\/desarrollo.grupomedios.com\/futbol\/wp-json\/wp\/v2\/media\/513870"}],"wp:attachment":[{"href":"http:\/\/desarrollo.grupomedios.com\/futbol\/wp-json\/wp\/v2\/media?parent=513869"}],"wp:term":[{"taxonomy":"category","embeddable":true,"href":"http:\/\/desarrollo.grupomedios.com\/futbol\/wp-json\/wp\/v2\/categories?post=513869"},{"taxonomy":"post_tag","embeddable":true,"href":"http:\/\/desarrollo.grupomedios.com\/futbol\/wp-json\/wp\/v2\/tags?post=513869"}],"curies":[{"name":"wp","href":"https:\/\/api.w.org\/{rel}","templated":true}]}}