{"id":513875,"date":"2018-01-07T15:34:51","date_gmt":"2018-01-07T21:34:51","guid":{"rendered":"https:\/\/www.futboltotal.com.mx\/?p=513875"},"modified":"2018-01-07T15:34:51","modified_gmt":"2018-01-07T21:34:51","slug":"joe-hart-gorra-west-ham-shrewsbury-town-fa-cup","status":"publish","type":"post","link":"http:\/\/desarrollo.grupomedios.com\/futbol\/videos\/joe-hart-gorra-west-ham-shrewsbury-town-fa-cup\/2018\/01","title":{"rendered":"Joe Hart pide gorra prestada a aficionados durante partido del West Ham"},"content":{"rendered":"<p><b>Joe Hart\u00a0<\/b>ha sido el protagonista de una de los momentos m\u00e1s anecd\u00f3ticos del f\u00fatbol internacional en este fin de semana de Reyes.<\/p>\n<p>El portero del\u00a0<b>West Ham<\/b>\u00a0disput\u00f3 este domingo el partido de la<b>\u00a0FA Cup<\/b>\u00a0ante el modesto\u00a0<b>Shrewsbury Town<\/b>, pero se encontr\u00f3 en los primeros minutos con un imprevisto: el sol.<\/p>\n<p>Con el partido en marcha, el meta internacional ingl\u00e9s no se cort\u00f3 y pidi\u00f3 una gorra a los aficionados <em>hammers<\/em>\u00a0que hab\u00eda situados detr\u00e1s de su porter\u00eda. \u00c9stos le respondieron y le tiraron sobre el c\u00e9sped una gorra de beisbol que Joe Hart se puso inmediatamente en la cabeza. La comuni\u00f3n entre jugadores y afici\u00f3n qued\u00f3 plasmada en esta situaci\u00f3n anecd\u00f3tica.<\/p>\n<blockquote class=\"twitter-video\" data-lang=\"es\">\n<p dir=\"ltr\" lang=\"en\">Joe Hart getting the cap from behind the Hammers goal &#x1f602;<a href=\"https:\/\/twitter.com\/hashtag\/COYI?src=hash&amp;ref_src=twsrc%5Etfw\">#COYI<\/a> <a href=\"https:\/\/twitter.com\/hashtag\/FACup?src=hash&amp;ref_src=twsrc%5Etfw\">#FACup<\/a> <a href=\"https:\/\/t.co\/cWtDl3jllE\">pic.twitter.com\/cWtDl3jllE<\/a><\/p>\n<p>\u2014 Brace The Hammer (@BraceTheHammer) <a href=\"https:\/\/twitter.com\/BraceTheHammer\/status\/950007958385188864?ref_src=twsrc%5Etfw\">7 de enero de 2018<\/a><\/p><\/blockquote>\n<p><script async src=\"https:\/\/platform.twitter.com\/widgets.js\" charset=\"utf-8\"><\/script><\/p>\n","protected":false},"excerpt":{"rendered":"<p>El portero fue molestado por el sol durante el encuentro.<\/p>\n","protected":false},"author":129,"featured_media":513876,"comment_status":"closed","ping_status":"closed","sticky":false,"template":"","format":"standard","meta":[],"categories":[3839,3846,4],"tags":[6214,1163,1743],"_links":{"self":[{"href":"http:\/\/desarrollo.grupomedios.com\/futbol\/wp-json\/wp\/v2\/posts\/513875"}],"collection":[{"href":"http:\/\/desarrollo.grupomedios.com\/futbol\/wp-json\/wp\/v2\/posts"}],"about":[{"href":"http:\/\/desarrollo.grupomedios.com\/futbol\/wp-json\/wp\/v2\/types\/post"}],"author":[{"embeddable":true,"href":"http:\/\/desarrollo.grupomedios.com\/futbol\/wp-json\/wp\/v2\/users\/129"}],"replies":[{"embeddable":true,"href":"http:\/\/desarrollo.grupomedios.com\/futbol\/wp-json\/wp\/v2\/comments?post=513875"}],"version-history":[{"count":1,"href":"http:\/\/desarrollo.grupomedios.com\/futbol\/wp-json\/wp\/v2\/posts\/513875\/revisions"}],"predecessor-version":[{"id":513877,"href":"http:\/\/desarrollo.grupomedios.com\/futbol\/wp-json\/wp\/v2\/posts\/513875\/revisions\/513877"}],"wp:featuredmedia":[{"embeddable":true,"href":"http:\/\/desarrollo.grupomedios.com\/futbol\/wp-json\/wp\/v2\/media\/513876"}],"wp:attachment":[{"href":"http:\/\/desarrollo.grupomedios.com\/futbol\/wp-json\/wp\/v2\/media?parent=513875"}],"wp:term":[{"taxonomy":"category","embeddable":true,"href":"http:\/\/desarrollo.grupomedios.com\/futbol\/wp-json\/wp\/v2\/categories?post=513875"},{"taxonomy":"post_tag","embeddable":true,"href":"http:\/\/desarrollo.grupomedios.com\/futbol\/wp-json\/wp\/v2\/tags?post=513875"}],"curies":[{"name":"wp","href":"https:\/\/api.w.org\/{rel}","templated":true}]}}