{"id":513894,"date":"2018-01-07T17:48:40","date_gmt":"2018-01-07T23:48:40","guid":{"rendered":"https:\/\/www.futboltotal.com.mx\/?p=513894"},"modified":"2018-01-07T17:48:40","modified_gmt":"2018-01-07T23:48:40","slug":"tecatito-corona-da-asistencia-gol-porto-rey-en-portugal","status":"publish","type":"post","link":"http:\/\/desarrollo.grupomedios.com\/futbol\/futbol-internacional\/tecatito-corona-da-asistencia-gol-porto-rey-en-portugal\/2018\/01","title":{"rendered":"Tecatito Corona da asistencia de gol y Porto es el Rey en Portugal"},"content":{"rendered":"<p>La punta de la <strong>Liga en Portugal<\/strong> regres\u00f3 a su antiguo due\u00f1o, pues el <strong>Porto<\/strong> dio cuenta del <strong>Vit\u00f3ria Guimaraes<\/strong> por 4-2, y lo mejor es que cont\u00f3 con la participaci\u00f3n desde el inicio de<strong> Diego Reyes<\/strong> y <strong>Jes\u00fas \u201cTecatito\u201d Corona<\/strong>, mientras <strong>Miguel Lay\u00fan<\/strong> jug\u00f3 los \u00faltimos 10 minutos.<\/p>\n<blockquote class=\"twitter-tweet\" data-width=\"500\">\n<p lang=\"en\" dir=\"ltr\">Final de Jogo \/ End of the match \/ Final del Partido<\/p>\n<p>22&#39; \u26bd Raphinha (0-1)<br \/>57&#39; \u26bd Aboubakar (1-1)<br \/>62&#39; \u26bd Brahimi (2-1)<br \/>79&#39; \u26bd Marega (3-1)<br \/>83&#39; \u26bd Marega (4-1)<br \/>88&#39; \u26bd Heldon (4-2)<a href=\"https:\/\/twitter.com\/hashtag\/FCPorto?src=hash&amp;ref_src=twsrc%5Etfw\">#FCPorto<\/a> <a href=\"https:\/\/twitter.com\/hashtag\/FCPVSC?src=hash&amp;ref_src=twsrc%5Etfw\">#FCPVSC<\/a> <a href=\"https:\/\/t.co\/6JnpA2CtHr\">pic.twitter.com\/6JnpA2CtHr<\/a><\/p>\n<p>&mdash; FC Porto (@FCPorto) <a href=\"https:\/\/twitter.com\/FCPorto\/status\/950127524008382464?ref_src=twsrc%5Etfw\">January 7, 2018<\/a><\/p><\/blockquote>\n<p><script async src=\"https:\/\/platform.twitter.com\/widgets.js\" charset=\"utf-8\"><\/script><\/p>\n<p>El conjunto de Porto supo sobreponerse a la adversidad, pues al 22 de acci\u00f3n se vio abajo en el marcador luego de que<strong> Raphael Dias<\/strong> anot\u00f3 el 0-1.<\/p>\n<p>Los Dragones no empataron sino hasta el 57 por conducto de<strong> Vincent Aboubakar<\/strong>, quien remat\u00f3 un bal\u00f3n servido por el Tecatito para el 1-1 parcial.<\/p>\n<p style=\"text-align: center;\"><span style=\"color: #3366ff;\"><a href=\"https:\/\/www.futboltotal.com.mx\/liga-de-portugal\/raul-jimenez-jugo-en-triunfo-del-benfica\/2018\/01\">VER M\u00c1S: Ra\u00fal Jim\u00e9nez \u201cjug\u00f3\u201d en triunfo del Benfica<\/a><\/span><\/p>\n<p><strong>Yacine Brahimi<\/strong> marc\u00f3 el 2-1 al 62\u2019 con un punterazo precedido por una jugada llena de t\u00e9cnica individual y Moussa Marega puso cifras definitivas con un doblete, al marcar al 79\u2019 y 83\u2019.<\/p>\n<p>Heldon Almeida acort\u00f3 distancias al 88\u2019 para el 4-2 final a favor del Porto, triunfo que le recuperar la cima con 45 puntos, por 43 del Sporting Lisboa.<\/p>\n<p><iframe loading=\"lazy\" src=\"https:\/\/www.youtube.com\/embed\/hjZLHtkpJ7k?feature=oembed\" frameborder=\"0\" gesture=\"media\" allow=\"encrypted-media\" allowfullscreen><\/iframe><\/p>\n","protected":false},"excerpt":{"rendered":"<p>Diego Reyes y Tecatito Corona jugaron como titulares.<\/p>\n","protected":false},"author":129,"featured_media":513895,"comment_status":"closed","ping_status":"closed","sticky":false,"template":"","format":"standard","meta":[],"categories":[3839,7709],"tags":[6006,3804,1035,1208,6045],"_links":{"self":[{"href":"http:\/\/desarrollo.grupomedios.com\/futbol\/wp-json\/wp\/v2\/posts\/513894"}],"collection":[{"href":"http:\/\/desarrollo.grupomedios.com\/futbol\/wp-json\/wp\/v2\/posts"}],"about":[{"href":"http:\/\/desarrollo.grupomedios.com\/futbol\/wp-json\/wp\/v2\/types\/post"}],"author":[{"embeddable":true,"href":"http:\/\/desarrollo.grupomedios.com\/futbol\/wp-json\/wp\/v2\/users\/129"}],"replies":[{"embeddable":true,"href":"http:\/\/desarrollo.grupomedios.com\/futbol\/wp-json\/wp\/v2\/comments?post=513894"}],"version-history":[{"count":1,"href":"http:\/\/desarrollo.grupomedios.com\/futbol\/wp-json\/wp\/v2\/posts\/513894\/revisions"}],"predecessor-version":[{"id":513896,"href":"http:\/\/desarrollo.grupomedios.com\/futbol\/wp-json\/wp\/v2\/posts\/513894\/revisions\/513896"}],"wp:featuredmedia":[{"embeddable":true,"href":"http:\/\/desarrollo.grupomedios.com\/futbol\/wp-json\/wp\/v2\/media\/513895"}],"wp:attachment":[{"href":"http:\/\/desarrollo.grupomedios.com\/futbol\/wp-json\/wp\/v2\/media?parent=513894"}],"wp:term":[{"taxonomy":"category","embeddable":true,"href":"http:\/\/desarrollo.grupomedios.com\/futbol\/wp-json\/wp\/v2\/categories?post=513894"},{"taxonomy":"post_tag","embeddable":true,"href":"http:\/\/desarrollo.grupomedios.com\/futbol\/wp-json\/wp\/v2\/tags?post=513894"}],"curies":[{"name":"wp","href":"https:\/\/api.w.org\/{rel}","templated":true}]}}