{"id":513918,"date":"2018-01-08T09:43:05","date_gmt":"2018-01-08T15:43:05","guid":{"rendered":"https:\/\/www.futboltotal.com.mx\/?p=513918"},"modified":"2018-01-08T09:43:05","modified_gmt":"2018-01-08T15:43:05","slug":"philippe-coutinho-presentado-barcelona","status":"publish","type":"post","link":"http:\/\/desarrollo.grupomedios.com\/futbol\/destacado-home\/philippe-coutinho-presentado-barcelona\/2018\/01","title":{"rendered":"Philippe Coutinho es presentado con el Barcelona"},"content":{"rendered":"<p>El brasile\u00f1o <strong>Philippe Coutinho<\/strong> ya es oficialmente nuevo jugador del <strong>Barcelona<\/strong>, despu\u00e9s de firmar el contrato que le ligar\u00e1 a la entidad azulgrana hasta junio de 2023.<\/p>\n<p>En un acto que ha tenido lugar en el antepalco del <strong>Camp Nou<\/strong>, <strong>Coutinho<\/strong> y el presidente del Barcelona, <strong>Josep Maria Bartomeu<\/strong>, firmaron sendos contratos.<\/p>\n<blockquote class=\"twitter-tweet\" data-data-dnt=\"true\">\n<p lang=\"qme\" dir=\"ltr\">\ud83d\udc55\ud83e\udd29 <a href=\"https:\/\/twitter.com\/Phil_Coutinho?ref_src=twsrc%5Etfw\">@Phil_Coutinho<\/a> \ud83d\udc99\u2764\ufe0f<a href=\"https:\/\/twitter.com\/hashtag\/CoutinhoDay?src=hash&amp;ref_src=twsrc%5Etfw\">#CoutinhoDay<\/a> <a href=\"https:\/\/t.co\/qmco56bUxO\">pic.twitter.com\/qmco56bUxO<\/a><\/p>\n<p>&mdash; FC Barcelona (@FCBarcelona_es) <a href=\"https:\/\/twitter.com\/FCBarcelona_es\/status\/950355226095243265?ref_src=twsrc%5Etfw\">January 8, 2018<\/a><\/p><\/blockquote>\n<p><script async src=\"https:\/\/platform.twitter.com\/widgets.js\" charset=\"utf-8\"><\/script><\/p>\n<p>Coutinho, de 25 a\u00f1os, el fichaje m\u00e1s caro de la historia del club (120 millones de euros fijos y 40 en variables), ha posado posteriormente con la camiseta del Bar\u00e7a, aunque a\u00fan no se ha desvelado el dorsal que lucir\u00e1.<\/p>\n<p>Tras la firma, Bartomeu ha recordado que el fichaje de Coutinho lo ha perseguido el Bar\u00e7a desde hace meses. &#8220;Lo estuvimos intentando el verano pasado. Hac\u00eda tiempo que sab\u00edamos que era necesario que viniera&#8221;, ha dicho.<\/p>\n<p style=\"text-align: center;\"><span style=\"color: #3366ff;\"><a href=\"https:\/\/www.futboltotal.com.mx\/liga-de-portugal\/tecatito-corona-da-asistencia-gol-porto-rey-en-portugal\/2018\/01\">VER M\u00c1S: Tecatito Corona da asistencia de gol y Porto es el Rey en Portugal<\/a><\/span><\/p>\n<p>&#8220;No ha sido f\u00e1cil, han sido meses de conversaciones y de trabajo, pero Coutinho quer\u00eda venir aqu\u00ed, era uno de sus objetivos. Sus ganas, su esfuerzo y su paciencia han sido determinantes para que est\u00e9 hoy aqu\u00ed, porque hab\u00eda otros clubes que ten\u00edan inter\u00e9s en ficharlo&#8221;, ha destacado el dirigente.<\/p>\n<p>Bartomeu ha insistido en el deseo del Bar\u00e7a de &#8220;mejorar el equipo&#8221;, y que con Philippe Coutinho &#8220;se ha dado un paso muy importante para ello&#8221;.<\/p>\n<p>Posteriormente el presidente del Bar\u00e7a se ha dirigido al jugador y le ha agradecido su apuesta por el club azulgrana: &#8220;Muchas gracias por aceptar estar aqu\u00ed, por venir al Bar\u00e7a. Sabes que eres un jugador que hemos buscado (desde hace tiempo) y queremos agradecerte tu determinaci\u00f3n y ganas por venir&#8221;.<\/p>\n<p>El brasile\u00f1o ha agradecido el esfuerzo realizado al presidente del Bar\u00e7a y la paciencia que el club ha tenido en este caso. &#8220;Estoy muy contento y feliz, era mi sue\u00f1o estar aqu\u00ed. Espero responder en el campo a todas las expectativas creadas&#8221;, ha dicho.<\/p>\n<p>El jugador saltar\u00e1 al c\u00e9sped del Camp Nou vestido de futbolista y ser\u00e1 presentado ante los aficionados que se han citado en el estadio barcelonista. Despu\u00e9s ofrecer\u00e1 una conferencia de prensa en el Auditori 1899. EFE<\/p>\n<blockquote class=\"twitter-video\" data-lang=\"es\">\n<p dir=\"ltr\" lang=\"en\">&#x1f4cd; Camp Nou<br \/>\n\u26bd <a href=\"https:\/\/twitter.com\/Phil_Coutinho?ref_src=twsrc%5Etfw\">@Phil_Coutinho<\/a> &#x1f44c;&#x1f44c;&#x1f44c;<br \/>\n&#x1f535;&#x1f534; <a href=\"https:\/\/twitter.com\/hashtag\/CoutinhoDay?src=hash&amp;ref_src=twsrc%5Etfw\">#CoutinhoDay<\/a> <a href=\"https:\/\/t.co\/1reKeRDJyQ\">pic.twitter.com\/1reKeRDJyQ<\/a><\/p>\n<p>\u2014 FC Barcelona (@FCBarcelona_es) <a href=\"https:\/\/twitter.com\/FCBarcelona_es\/status\/950352860415488000?ref_src=twsrc%5Etfw\">8 de enero de 2018<\/a><\/p><\/blockquote>\n<p><script async src=\"https:\/\/platform.twitter.com\/widgets.js\" charset=\"utf-8\"><\/script><\/p>\n","protected":false},"excerpt":{"rendered":"<p>El Blaugrana no podr\u00e1 debutar por una lesi\u00f3n.<\/p>\n","protected":false},"author":129,"featured_media":513919,"comment_status":"closed","ping_status":"closed","sticky":false,"template":"","format":"standard","meta":[],"categories":[5,3839,3844],"tags":[5984,6948,6214,2669],"_links":{"self":[{"href":"http:\/\/desarrollo.grupomedios.com\/futbol\/wp-json\/wp\/v2\/posts\/513918"}],"collection":[{"href":"http:\/\/desarrollo.grupomedios.com\/futbol\/wp-json\/wp\/v2\/posts"}],"about":[{"href":"http:\/\/desarrollo.grupomedios.com\/futbol\/wp-json\/wp\/v2\/types\/post"}],"author":[{"embeddable":true,"href":"http:\/\/desarrollo.grupomedios.com\/futbol\/wp-json\/wp\/v2\/users\/129"}],"replies":[{"embeddable":true,"href":"http:\/\/desarrollo.grupomedios.com\/futbol\/wp-json\/wp\/v2\/comments?post=513918"}],"version-history":[{"count":1,"href":"http:\/\/desarrollo.grupomedios.com\/futbol\/wp-json\/wp\/v2\/posts\/513918\/revisions"}],"predecessor-version":[{"id":513920,"href":"http:\/\/desarrollo.grupomedios.com\/futbol\/wp-json\/wp\/v2\/posts\/513918\/revisions\/513920"}],"wp:featuredmedia":[{"embeddable":true,"href":"http:\/\/desarrollo.grupomedios.com\/futbol\/wp-json\/wp\/v2\/media\/513919"}],"wp:attachment":[{"href":"http:\/\/desarrollo.grupomedios.com\/futbol\/wp-json\/wp\/v2\/media?parent=513918"}],"wp:term":[{"taxonomy":"category","embeddable":true,"href":"http:\/\/desarrollo.grupomedios.com\/futbol\/wp-json\/wp\/v2\/categories?post=513918"},{"taxonomy":"post_tag","embeddable":true,"href":"http:\/\/desarrollo.grupomedios.com\/futbol\/wp-json\/wp\/v2\/tags?post=513918"}],"curies":[{"name":"wp","href":"https:\/\/api.w.org\/{rel}","templated":true}]}}