{"id":513922,"date":"2018-01-08T10:47:21","date_gmt":"2018-01-08T16:47:21","guid":{"rendered":"https:\/\/www.futboltotal.com.mx\/?p=513922"},"modified":"2018-01-08T10:47:21","modified_gmt":"2018-01-08T16:47:21","slug":"franck-ribery-dice-le-robaron-balon-oro-fue-una-injusticia","status":"publish","type":"post","link":"http:\/\/desarrollo.grupomedios.com\/futbol\/futbol-internacional\/franck-ribery-dice-le-robaron-balon-oro-fue-una-injusticia\/2018\/01","title":{"rendered":"Franck Rib\u00e9ry dice que le robaron su Bal\u00f3n de Oro: &#8220;Fue una injusticia&#8221;"},"content":{"rendered":"<p><strong>Franck Rib\u00e9ry<\/strong> confes\u00f3 que el Bal\u00f3n de Oro 2013 tuvo que haber sido para \u00e9l, y que finalmente termin\u00f3 en manos de <strong>Cristiano Ronaldo.<\/strong> En una entrevista con <em>Canal+<\/em> de Francia, el notable jugador del <strong>Bayern M\u00fanich<\/strong> se mostr\u00f3 ofendido por este hecho.<strong><em> &#8220;Sent\u00ed como si me hubiesen robado&#8221;,<\/em><\/strong> dijo tajante.<\/p>\n<p><em>&#8220;Es incomprensible. Gan\u00e9 todos los trofeos posibles, no pod\u00eda haber hecho m\u00e1s. Fue una injusticia&#8221;,<\/em> asegur\u00f3. Y es que ese a\u00f1o gan\u00f3 la Champions con el Bayern, pero termin\u00f3 tercero en las votaciones despu\u00e9s de una re\u00f1ida deliberaci\u00f3n. <em><strong>Scarface<\/strong><\/em> obtuvo el 23.36% de los votos.<strong> Lionel Messi,<\/strong> que acab\u00f3 segundo tuvo el 24.72% y <strong>Cristiano<\/strong> el 27.99%, siendo as\u00ed el consagrado.<\/p>\n<p style=\"text-align: center;\"><a href=\"https:\/\/www.futboltotal.com.mx\/futbol-internacional\/top-5-fichajes-caros-en-la-historia-del-futbol\/2018\/01\">VER M\u00c1S: Top 5 de fichajes m\u00e1s caros en la historia del futbol<\/a><\/p>\n<p>Y es que Franck hasta se sinti\u00f3 traicionado por sus propios paisanos, ya que para \u00e9l no lo apoyaron. <em>&#8220;Vi con mis propios ojos a franceses, a entrenadores, decir: &#8216;es para Cristiano Ronaldo&#8217;. \u00bfCrees que en Portugal hubiesen preferido que ganase Messi o Rib\u00e9ry ? Seguro que no&#8221;.<\/em><\/p>\n<p>La edici\u00f3n del Bal\u00f3n de Oro de 2013 estuvo adem\u00e1s salpicada por la pol\u00e9mica de la postergaci\u00f3n de las fechas de votaci\u00f3n, lo que permiti\u00f3 incluir al repechaje europeo para acceder a la Copa del Mundo de Brasil 2014, que se jugaron en noviembre de ese a\u00f1o. Gracias a eso, el delantero portugu\u00e9s del <strong>Real Madrid<\/strong> se benefici\u00f3, ya que tuvo una notable actuaci\u00f3n en el duelo contra Suecia y salv\u00f3 a Portugal de la eliminaci\u00f3n. Dicen que ese hecho en particular inclin\u00f3 la balanza a favor de <strong>CR7.<\/strong><\/p>\n<p><img decoding=\"async\" loading=\"lazy\" class=\"wp-image-513933 aligncenter\" src=\"https:\/\/www.futboltotal.com.mx\/wp-content\/uploads\/2018\/01\/ribery1-1024x576.jpg\" alt=\"Franck Rib\u00e9ry dice que le robaron su Bal\u00f3n de Oro: &#8220;Fue una injusticia&#8221; 0\" srcset=\"http:\/\/desarrollo.grupomedios.com\/futbol\/wp-content\/uploads\/2018\/01\/ribery1-1024x576.jpg 1024w, http:\/\/desarrollo.grupomedios.com\/futbol\/wp-content\/uploads\/2018\/01\/ribery1-300x169.jpg 300w, http:\/\/desarrollo.grupomedios.com\/futbol\/wp-content\/uploads\/2018\/01\/ribery1-768x432.jpg 768w, http:\/\/desarrollo.grupomedios.com\/futbol\/wp-content\/uploads\/2018\/01\/ribery1-393x221.jpg 393w, http:\/\/desarrollo.grupomedios.com\/futbol\/wp-content\/uploads\/2018\/01\/ribery1.jpg 1136w\" sizes=\"(max-width: 828px) 100vw, 828px\" \/><\/p>\n","protected":false},"excerpt":{"rendered":"<p>Para el franc\u00e9s, \u00e9l debi\u00f3 haberse llevado el galard\u00f3n en 2013, a\u00f1o en que gan\u00f3 la Champions League con el Bayern. <\/p>\n","protected":false},"author":165,"featured_media":513934,"comment_status":"closed","ping_status":"closed","sticky":false,"template":"","format":"standard","meta":[],"categories":[3839],"tags":[222,11534,2056,11535,6013,413,367,6012],"_links":{"self":[{"href":"http:\/\/desarrollo.grupomedios.com\/futbol\/wp-json\/wp\/v2\/posts\/513922"}],"collection":[{"href":"http:\/\/desarrollo.grupomedios.com\/futbol\/wp-json\/wp\/v2\/posts"}],"about":[{"href":"http:\/\/desarrollo.grupomedios.com\/futbol\/wp-json\/wp\/v2\/types\/post"}],"author":[{"embeddable":true,"href":"http:\/\/desarrollo.grupomedios.com\/futbol\/wp-json\/wp\/v2\/users\/165"}],"replies":[{"embeddable":true,"href":"http:\/\/desarrollo.grupomedios.com\/futbol\/wp-json\/wp\/v2\/comments?post=513922"}],"version-history":[{"count":1,"href":"http:\/\/desarrollo.grupomedios.com\/futbol\/wp-json\/wp\/v2\/posts\/513922\/revisions"}],"predecessor-version":[{"id":513935,"href":"http:\/\/desarrollo.grupomedios.com\/futbol\/wp-json\/wp\/v2\/posts\/513922\/revisions\/513935"}],"wp:featuredmedia":[{"embeddable":true,"href":"http:\/\/desarrollo.grupomedios.com\/futbol\/wp-json\/wp\/v2\/media\/513934"}],"wp:attachment":[{"href":"http:\/\/desarrollo.grupomedios.com\/futbol\/wp-json\/wp\/v2\/media?parent=513922"}],"wp:term":[{"taxonomy":"category","embeddable":true,"href":"http:\/\/desarrollo.grupomedios.com\/futbol\/wp-json\/wp\/v2\/categories?post=513922"},{"taxonomy":"post_tag","embeddable":true,"href":"http:\/\/desarrollo.grupomedios.com\/futbol\/wp-json\/wp\/v2\/tags?post=513922"}],"curies":[{"name":"wp","href":"https:\/\/api.w.org\/{rel}","templated":true}]}}