{"id":513925,"date":"2018-01-08T10:19:19","date_gmt":"2018-01-08T16:19:19","guid":{"rendered":"https:\/\/www.futboltotal.com.mx\/?p=513925"},"modified":"2018-01-08T10:37:48","modified_gmt":"2018-01-08T16:37:48","slug":"barcelona-era-mi-sueno-lo-podia-dejar-escapar-coutinho","status":"publish","type":"post","link":"http:\/\/desarrollo.grupomedios.com\/futbol\/futbol-internacional\/barcelona-era-mi-sueno-lo-podia-dejar-escapar-coutinho\/2018\/01","title":{"rendered":"Barcelona era mi sue\u00f1o, no lo pod\u00eda dejar escapar: Coutinho"},"content":{"rendered":"<p>El brasile\u00f1o <strong>Philippe Coutinho<\/strong>, que esta tarde ha sido presentado como nuevo jugador del <strong>Barcelona<\/strong> hasta el 30 de junio de 2023, ha querido agradecer al club azulgrana y al <strong>Liverpool<\/strong>, su equipo de procedencia, haberle permitido cumplir su sue\u00f1o.<\/p>\n<p>&#8220;Venir aqu\u00ed es la realizaci\u00f3n de un sue\u00f1o. Era una oportunidad \u00fanica y no tuve dudas porque, a veces, las oportunidades solo pasan una vez&#8221;, ha afirmado Coutinho, que ha agradecido al <strong>Bar\u00e7a<\/strong> &#8220;la paciencia&#8221; y al <strong>Liverpool<\/strong> el &#8220;haber cumplido su palabra&#8221; de dejarlo marchar en el mercado de invierno.<\/p>\n<p>&#8220;Intentaron que me quedara, pero entendieron que \u00e9ste era mi sue\u00f1o. He pasado los \u00faltimos meses d\u00e1ndolo todo en el Liverpool, como un profesional, y ahora ha llegado el momento de venir aqu\u00ed&#8221;, ha apuntado el nuevo jugador azulgrana.<\/p>\n<p style=\"text-align: center;\"><span style=\"color: #3366ff;\"><a href=\"https:\/\/www.futboltotal.com.mx\/futbol-internacional\/liga-de-espana\/philippe-coutinho-presentado-barcelona\/2018\/01\">VER M\u00c1S: Philippe Coutinho es presentado con el Barcelona<\/a><\/span><\/p>\n<p>&nbsp;<\/p>\n<p>Para el internacional brasile\u00f1o es &#8220;un honor&#8221; ser el futbolista m\u00e1s caro que aterriza en el <strong>Camp Nou<\/strong>. &#8220;Pero lo del dinero es un tema entre los clubes, mi obligaci\u00f3n es llegar aqu\u00ed, ser feliz, hacer disfrutar a la gente y ganar t\u00edtulos&#8221;, ha matizado.<\/p>\n<p>Ayer tambi\u00e9n recibi\u00f3 la llamada de su compatriota y amigo <strong>Neymar da Silva<\/strong>. &#8220;Me felicit\u00f3, me habl\u00f3 de la ciudad y los compa\u00f1eros y me dijo que hab\u00eda un vestuario incre\u00edble&#8221;, ha desvelado sobre la conversaci\u00f3n con el exazulgrana.<\/p>\n<p>En el Bar\u00e7a, compartir\u00e1 vestuario con otro brasile\u00f1o y compa\u00f1ero en la selecci\u00f3n brasile\u00f1a, Paulinho Bezerra, y el uruguayo Luis Su\u00e1rez, con quien ya coincidi\u00f3 en el Liverpool.<\/p>\n<p>&#8220;Soy muy feliz por volver a jugar al lado de Luis. Me ha escrito muchos mensajes y me ha ayudado much\u00edsimo a encontrar casa&#8221;, ha comentado sobre su estrecha relaci\u00f3n con el punta charr\u00faa.<\/p>\n<blockquote class=\"twitter-tweet\" data-data-dnt=\"true\">\n<p lang=\"es\" dir=\"ltr\">\ud83d\udd0a <a href=\"https:\/\/twitter.com\/Phil_Coutinho?ref_src=twsrc%5Etfw\">@Phil_Coutinho<\/a>: &quot;Estoy muy contento por volver a jugar con <a href=\"https:\/\/twitter.com\/LuisSuarez9?ref_src=twsrc%5Etfw\">@LuisSuarez9<\/a>, es un honor. Es un amigo muy pr\u00f3ximo y me ha ayudado mucho&quot; <a href=\"https:\/\/twitter.com\/hashtag\/CoutinhoDay?src=hash&amp;ref_src=twsrc%5Etfw\">#CoutinhoDay<\/a> <a href=\"https:\/\/t.co\/qxnwNvCC9Z\">pic.twitter.com\/qxnwNvCC9Z<\/a><\/p>\n<p>&mdash; FC Barcelona (@FCBarcelona_es) <a href=\"https:\/\/twitter.com\/FCBarcelona_es\/status\/950367568270974976?ref_src=twsrc%5Etfw\">January 8, 2018<\/a><\/p><\/blockquote>\n<p><script async src=\"https:\/\/platform.twitter.com\/widgets.js\" charset=\"utf-8\"><\/script><\/p>\n<p>Con Neymar ya no podr\u00e1 reeditar en el Barcelona su asociaci\u00f3n en la &#8216;canarinha&#8217;, pero en la capital catalana tendr\u00e1 la &#8220;enorme suerte&#8221; de poder jugar al lado de <strong>Lionel Messi.<\/strong><\/p>\n<p style=\"text-align: center;\"><span style=\"color: #3366ff;\"><a href=\"https:\/\/www.futboltotal.com.mx\/futbol-mexicano\/liga-mx\/america-presenta-tercer-uniforme-clausura-2018\/2018\/01\">VER M\u00c1S: Am\u00e9rica presenta su tercer uniforme para el Clausura 2018<\/a><\/span><\/p>\n<p>Eso s\u00ed, ha negado que haya fichado por el Bar\u00e7a para ocupar la plaza que ha dejado vacante Ney -&#8220;es un grand\u00edsimo jugador pero tenemos caracter\u00edsticas diferentes y yo vengo a buscar mi espacio&#8221;, ha indicado- ni tampoco para relevar a Andr\u00e9s Iniesta, &#8220;un genio con el que tendr\u00e9 la suerte de coincidir y aprender de \u00e9l&#8221;.<\/p>\n<blockquote class=\"twitter-tweet\" data-data-dnt=\"true\">\n<p lang=\"und\" dir=\"ltr\">\ud83d\udc4b <a href=\"https:\/\/twitter.com\/Phil_Coutinho?ref_src=twsrc%5Etfw\">@Phil_Coutinho<\/a>! <br \/>\ud83d\udd35\ud83d\udd34 <a href=\"https:\/\/twitter.com\/hashtag\/CoutinhoDay?src=hash&amp;ref_src=twsrc%5Etfw\">#CoutinhoDay<\/a> <a href=\"https:\/\/t.co\/3yNNveDdnA\">pic.twitter.com\/3yNNveDdnA<\/a><\/p>\n<p>&mdash; FC Barcelona (@FCBarcelona_es) <a href=\"https:\/\/twitter.com\/FCBarcelona_es\/status\/950373034124341248?ref_src=twsrc%5Etfw\">January 8, 2018<\/a><\/p><\/blockquote>\n<p><script async src=\"https:\/\/platform.twitter.com\/widgets.js\" charset=\"utf-8\"><\/script><\/p>\n","protected":false},"excerpt":{"rendered":"<p>El brasile\u00f1o coment\u00f3 que tambi\u00e9n Neymar le felicit\u00f3.<\/p>\n","protected":false},"author":129,"featured_media":513926,"comment_status":"closed","ping_status":"closed","sticky":false,"template":"","format":"standard","meta":[],"categories":[3839,3844],"tags":[5984,6214,6001,2669],"_links":{"self":[{"href":"http:\/\/desarrollo.grupomedios.com\/futbol\/wp-json\/wp\/v2\/posts\/513925"}],"collection":[{"href":"http:\/\/desarrollo.grupomedios.com\/futbol\/wp-json\/wp\/v2\/posts"}],"about":[{"href":"http:\/\/desarrollo.grupomedios.com\/futbol\/wp-json\/wp\/v2\/types\/post"}],"author":[{"embeddable":true,"href":"http:\/\/desarrollo.grupomedios.com\/futbol\/wp-json\/wp\/v2\/users\/129"}],"replies":[{"embeddable":true,"href":"http:\/\/desarrollo.grupomedios.com\/futbol\/wp-json\/wp\/v2\/comments?post=513925"}],"version-history":[{"count":2,"href":"http:\/\/desarrollo.grupomedios.com\/futbol\/wp-json\/wp\/v2\/posts\/513925\/revisions"}],"predecessor-version":[{"id":513932,"href":"http:\/\/desarrollo.grupomedios.com\/futbol\/wp-json\/wp\/v2\/posts\/513925\/revisions\/513932"}],"wp:featuredmedia":[{"embeddable":true,"href":"http:\/\/desarrollo.grupomedios.com\/futbol\/wp-json\/wp\/v2\/media\/513926"}],"wp:attachment":[{"href":"http:\/\/desarrollo.grupomedios.com\/futbol\/wp-json\/wp\/v2\/media?parent=513925"}],"wp:term":[{"taxonomy":"category","embeddable":true,"href":"http:\/\/desarrollo.grupomedios.com\/futbol\/wp-json\/wp\/v2\/categories?post=513925"},{"taxonomy":"post_tag","embeddable":true,"href":"http:\/\/desarrollo.grupomedios.com\/futbol\/wp-json\/wp\/v2\/tags?post=513925"}],"curies":[{"name":"wp","href":"https:\/\/api.w.org\/{rel}","templated":true}]}}