{"id":513941,"date":"2018-01-08T12:27:42","date_gmt":"2018-01-08T18:27:42","guid":{"rendered":"https:\/\/www.futboltotal.com.mx\/?p=513941"},"modified":"2018-01-08T12:27:42","modified_gmt":"2018-01-08T18:27:42","slug":"los-angeles-fc-suena-contratar-a-chicharito-hernandez","status":"publish","type":"post","link":"http:\/\/desarrollo.grupomedios.com\/futbol\/destacado-home\/los-angeles-fc-suena-contratar-a-chicharito-hernandez\/2018\/01","title":{"rendered":"Los Angeles FC sue\u00f1a con contratar a Chicharito Hern\u00e1ndez"},"content":{"rendered":"<p><strong>Los Angeles FC<\/strong> sue\u00f1a con tener una dupla mexicana al ataque, pues adem\u00e1s de ya contar con <strong>Carlos Vela<\/strong>, el nuevo equipo de la <strong>MLS<\/strong> quiere a <strong>Javier Hern\u00e1ndez<\/strong> en sus filas.<\/p>\n<p><strong>Bob Bradley<\/strong>, director t\u00e9cnico de los angelinos, se\u00f1al\u00f3 que si Chicharito decidiera militar en el balompi\u00e9 estadounidense, \u00e9ste tendr\u00eda las puertas abiertas en la nueva franquicia del futbol estadounidense.<\/p>\n<blockquote class=\"twitter-tweet\" data-width=\"500\">\n<p lang=\"en\" dir=\"ltr\">March 4th.<\/p>\n<p>Make History with <a href=\"https:\/\/twitter.com\/11carlosV?ref_src=twsrc%5Etfw\">@11carlosV<\/a>.<a href=\"https:\/\/t.co\/uLXWkfarjs\">https:\/\/t.co\/uLXWkfarjs<\/a> <a href=\"https:\/\/t.co\/QkSAur2WVa\">pic.twitter.com\/QkSAur2WVa<\/a><\/p>\n<p>&mdash; LAFC (@LAFC) <a href=\"https:\/\/twitter.com\/LAFC\/status\/949349042131165184?ref_src=twsrc%5Etfw\">January 5, 2018<\/a><\/p><\/blockquote>\n<p><script async src=\"https:\/\/platform.twitter.com\/widgets.js\" charset=\"utf-8\"><\/script><\/p>\n<p>A trav\u00e9s de una entrevista otorgada a <em>Naci\u00f3n ESPN,<\/em> el ext\u00e9cnico de <strong>Estados Unidos<\/strong> precis\u00f3 que en caso de concretarse su llegada, \u00e9l se encargar\u00eda de ubicarlo en la posici\u00f3n donde pueda hacer m\u00e1s goles.<\/p>\n<p style=\"text-align: center;\"><span style=\"color: #3366ff;\"><a href=\"https:\/\/www.futboltotal.com.mx\/futbol-internacional\/franck-ribery-dice-le-robaron-balon-oro-fue-una-injusticia\/2018\/01\">VER M\u00c1S: Franck Rib\u00e9ry dice que le robaron su Bal\u00f3n de Oro: \u201cFue una injusticia\u201d<\/a><\/span><\/p>\n<p>&#8220;Eso es del due\u00f1o del equipo. Desde de mi punto de vista como entrenador, Chicharito es un gran jugador, con gran personalidad y gran goleador. As\u00ed que si <strong>Will Ferrell<\/strong> y el resto de los socios pueden confirmarlo, puedo encontrar la manera de ponerlo en el campo y ayudarlo a marcar goles&#8221;, recalc\u00f3.<\/p>\n<p>Los rumores de la contrataci\u00f3n de Hern\u00e1ndez aumentaron desde la llegada de Carlos Vela a Los Angeles, pues Bradley confes\u00f3 que el delantero mexicano es quien le recomienda a varios jugadores para reforzar el equipo, hecho por el cual no se le cerrar\u00edan las puertas a la incorporaci\u00f3n de otros futbolistas nacionales.<\/p>\n<p><img decoding=\"async\" loading=\"lazy\" class=\"alignnone size-full wp-image-493351\" src=\"https:\/\/www.futboltotal.com.mx\/wp-content\/uploads\/2017\/08\/carlos-vela-LA.jpg\" alt=\"Los Angeles FC sue\u00f1a con contratar a Chicharito Hern\u00e1ndez 0\" srcset=\"http:\/\/desarrollo.grupomedios.com\/futbol\/wp-content\/uploads\/2017\/08\/carlos-vela-LA.jpg 1136w, http:\/\/desarrollo.grupomedios.com\/futbol\/wp-content\/uploads\/2017\/08\/carlos-vela-LA-300x169.jpg 300w, http:\/\/desarrollo.grupomedios.com\/futbol\/wp-content\/uploads\/2017\/08\/carlos-vela-LA-768x432.jpg 768w, http:\/\/desarrollo.grupomedios.com\/futbol\/wp-content\/uploads\/2017\/08\/carlos-vela-LA-1024x576.jpg 1024w, http:\/\/desarrollo.grupomedios.com\/futbol\/wp-content\/uploads\/2017\/08\/carlos-vela-LA-317x178.jpg 317w, http:\/\/desarrollo.grupomedios.com\/futbol\/wp-content\/uploads\/2017\/08\/carlos-vela-LA-535x301.jpg 535w, http:\/\/desarrollo.grupomedios.com\/futbol\/wp-content\/uploads\/2017\/08\/carlos-vela-LA-374x210.jpg 374w\" sizes=\"(max-width: 1136px) 100vw, 1136px\" \/><\/p>\n","protected":false},"excerpt":{"rendered":"<p>El club angelino le ha abierto las puertas a Hern\u00e1ndez.<\/p>\n","protected":false},"author":129,"featured_media":513943,"comment_status":"closed","ping_status":"closed","sticky":false,"template":"","format":"standard","meta":[],"categories":[5,3839,9635],"tags":[9700,6048,549,6214,8503,195],"_links":{"self":[{"href":"http:\/\/desarrollo.grupomedios.com\/futbol\/wp-json\/wp\/v2\/posts\/513941"}],"collection":[{"href":"http:\/\/desarrollo.grupomedios.com\/futbol\/wp-json\/wp\/v2\/posts"}],"about":[{"href":"http:\/\/desarrollo.grupomedios.com\/futbol\/wp-json\/wp\/v2\/types\/post"}],"author":[{"embeddable":true,"href":"http:\/\/desarrollo.grupomedios.com\/futbol\/wp-json\/wp\/v2\/users\/129"}],"replies":[{"embeddable":true,"href":"http:\/\/desarrollo.grupomedios.com\/futbol\/wp-json\/wp\/v2\/comments?post=513941"}],"version-history":[{"count":1,"href":"http:\/\/desarrollo.grupomedios.com\/futbol\/wp-json\/wp\/v2\/posts\/513941\/revisions"}],"predecessor-version":[{"id":513944,"href":"http:\/\/desarrollo.grupomedios.com\/futbol\/wp-json\/wp\/v2\/posts\/513941\/revisions\/513944"}],"wp:featuredmedia":[{"embeddable":true,"href":"http:\/\/desarrollo.grupomedios.com\/futbol\/wp-json\/wp\/v2\/media\/513943"}],"wp:attachment":[{"href":"http:\/\/desarrollo.grupomedios.com\/futbol\/wp-json\/wp\/v2\/media?parent=513941"}],"wp:term":[{"taxonomy":"category","embeddable":true,"href":"http:\/\/desarrollo.grupomedios.com\/futbol\/wp-json\/wp\/v2\/categories?post=513941"},{"taxonomy":"post_tag","embeddable":true,"href":"http:\/\/desarrollo.grupomedios.com\/futbol\/wp-json\/wp\/v2\/tags?post=513941"}],"curies":[{"name":"wp","href":"https:\/\/api.w.org\/{rel}","templated":true}]}}