{"id":513955,"date":"2018-01-08T14:21:42","date_gmt":"2018-01-08T20:21:42","guid":{"rendered":"https:\/\/www.futboltotal.com.mx\/?p=513955"},"modified":"2018-01-08T14:21:42","modified_gmt":"2018-01-08T20:21:42","slug":"yerry-mina-entreno-palmeiras-a-la-espera-fichaje-barcelona","status":"publish","type":"post","link":"http:\/\/desarrollo.grupomedios.com\/futbol\/futbol-internacional\/yerry-mina-entreno-palmeiras-a-la-espera-fichaje-barcelona\/2018\/01","title":{"rendered":"Yerry Mina no entren\u00f3 con Palmeiras a la espera de fichaje con el Barcelona"},"content":{"rendered":"<p>El jugador colombiano <strong>Yerry Mina<\/strong>\u00a0contin\u00faa sin entrenar con el club brasile\u00f1o <strong>Palmeiras<\/strong> y espera una decisi\u00f3n del <strong>Barcelona<\/strong> y su equipo para su posible traspaso.<\/p>\n<p>Mina se reuni\u00f3 la semana pasada con directivos del Palmeiras, expres\u00f3 su deseo de adelantar su partida al Barcelona y opt\u00f3 por no comenzar los trabajos con el resto del plantel hasta que se defina su futuro.<\/p>\n<p>El defensa ten\u00eda pactado llegar al Barca para el pr\u00f3ximo verano, despu\u00e9s del <strong>Mundial de Rusia 2018<\/strong>, pero lo m\u00e1s probable es que su partida a Espa\u00f1a se adelante por el deseo del argentino<strong> Javier Mascherano<\/strong> de marcharse al <strong>Hebei Fortune<\/strong> chino en este mes.<\/p>\n<p style=\"text-align: center;\"><span style=\"color: #3366ff;\"><a href=\"https:\/\/www.futboltotal.com.mx\/futbol-internacional\/liga-de-espana\/los-jugadores-podrian-salir-del-barca-tras-la-llegada-coutinho\/2018\/01\">VER M\u00c1S: Los jugadores que podr\u00edan salir del Bar\u00e7a tras la llegada de Coutinho<\/a><\/span><\/p>\n<p>El Palmeiras realiz\u00f3 este lunes su primer entrenamiento abierto para la prensa en su sede deportiva con el equipo completo y en la pr\u00e1ctica de campo participaron el centrocampista venezolano <strong>Alejandro Guerra<\/strong> y el atacante colombiano <strong>Miguel Borja<\/strong>, quienes el s\u00e1bado hab\u00edan realizado los ex\u00e1menes m\u00e9dicos de pretemporada.<\/p>\n<p>Guerra, que en 2017 tuvo un buen comienzo de temporada, pero despu\u00e9s sufri\u00f3 varias lesiones, y Borja, que lleg\u00f3 el a\u00f1o pasado como la principal contrataci\u00f3n del f\u00fatbol brasile\u00f1o, pero no tuvo continuidad, esperan este a\u00f1o afianzarse en la n\u00f3mina que confecciona el nuevo t\u00e9cnico <strong>R\u00f3ger Machado<\/strong>.<\/p>\n<p>Borja, elegido como el mejor jugador del continente en 2016, tras su t\u00edtulo en la <strong>Copa Libertadores<\/strong> de ese a\u00f1o con el <strong>Atl\u00e9tico Nacional de Medell\u00edn<\/strong> de su pa\u00eds, al lado de Guerra, volvi\u00f3 por la senda del gol en el remate de la temporada de 2017 y espera retomar la confianza que los hinchas y la prensa hab\u00edan depositado en \u00e9l.<\/p>\n<p><iframe loading=\"lazy\" src=\"https:\/\/www.youtube.com\/embed\/4MTSOglnSlw?feature=oembed\" frameborder=\"0\" gesture=\"media\" allow=\"encrypted-media\" allowfullscreen><\/iframe><\/p>\n","protected":false},"excerpt":{"rendered":"<p>El colombiano quiere llegar al Barcelona.<\/p>\n","protected":false},"author":129,"featured_media":513956,"comment_status":"closed","ping_status":"closed","sticky":false,"template":"","format":"standard","meta":[],"categories":[3839,3844],"tags":[5984,6214,1913,2402,9418],"_links":{"self":[{"href":"http:\/\/desarrollo.grupomedios.com\/futbol\/wp-json\/wp\/v2\/posts\/513955"}],"collection":[{"href":"http:\/\/desarrollo.grupomedios.com\/futbol\/wp-json\/wp\/v2\/posts"}],"about":[{"href":"http:\/\/desarrollo.grupomedios.com\/futbol\/wp-json\/wp\/v2\/types\/post"}],"author":[{"embeddable":true,"href":"http:\/\/desarrollo.grupomedios.com\/futbol\/wp-json\/wp\/v2\/users\/129"}],"replies":[{"embeddable":true,"href":"http:\/\/desarrollo.grupomedios.com\/futbol\/wp-json\/wp\/v2\/comments?post=513955"}],"version-history":[{"count":1,"href":"http:\/\/desarrollo.grupomedios.com\/futbol\/wp-json\/wp\/v2\/posts\/513955\/revisions"}],"predecessor-version":[{"id":513957,"href":"http:\/\/desarrollo.grupomedios.com\/futbol\/wp-json\/wp\/v2\/posts\/513955\/revisions\/513957"}],"wp:featuredmedia":[{"embeddable":true,"href":"http:\/\/desarrollo.grupomedios.com\/futbol\/wp-json\/wp\/v2\/media\/513956"}],"wp:attachment":[{"href":"http:\/\/desarrollo.grupomedios.com\/futbol\/wp-json\/wp\/v2\/media?parent=513955"}],"wp:term":[{"taxonomy":"category","embeddable":true,"href":"http:\/\/desarrollo.grupomedios.com\/futbol\/wp-json\/wp\/v2\/categories?post=513955"},{"taxonomy":"post_tag","embeddable":true,"href":"http:\/\/desarrollo.grupomedios.com\/futbol\/wp-json\/wp\/v2\/tags?post=513955"}],"curies":[{"name":"wp","href":"https:\/\/api.w.org\/{rel}","templated":true}]}}