{"id":513959,"date":"2018-01-08T16:18:13","date_gmt":"2018-01-08T22:18:13","guid":{"rendered":"https:\/\/www.futboltotal.com.mx\/?p=513959"},"modified":"2018-01-08T16:18:13","modified_gmt":"2018-01-08T22:18:13","slug":"lucas-zelarayan-iria-a-prestamo-river-plate","status":"publish","type":"post","link":"http:\/\/desarrollo.grupomedios.com\/futbol\/futbol-mexicano\/lucas-zelarayan-iria-a-prestamo-river-plate\/2018\/01","title":{"rendered":"Lucas Zelaray\u00e1n ir\u00eda a pr\u00e9stamo con River Plate"},"content":{"rendered":"<p><strong>Tigres UANL<\/strong> podr\u00eda estarse despidiendo de uno de sus futbolistas m\u00e1s talentosos, al menos por esta temporada y es que ante la falta de minutos el argentino <a href=\"https:\/\/www.futboltotal.com.mx\/futbol-mexicano\/liga-mx\/lucas-zelarayan-ya-nueva-novia\/2018\/01\" target=\"_blank\" rel=\"noopener\"><strong>Lucas Zelaray\u00e1n<\/strong> <\/a>estar\u00eda buscando salir y <strong>River Plate<\/strong> ha sido el mayor apuntado hasta el momento para hacerse con \u00e9l.<\/p>\n<p>El presidente del cuadro argentino, Rodolfo D&#8217;Onofrio ha logrado consumar los caprichos del estratega<strong> Marcelo Gallardo<\/strong> y de acuerdo con TyC Sports uno de ellos es<strong>\u00a0Zelaray\u00e1n<\/strong>, por lo que estar\u00edan haciendo todo lo posible en estos momentos para llevarlo. El cuadro felino tas\u00f3 al mediocampista en <strong>8 millones de d\u00f3lares<\/strong>, algo que River no est\u00e1 dispuesto a pagar pero ver\u00edan con buenos ojos el pr\u00e9stamo por una temporada. El costo de esto ser\u00eda <strong>un mill\u00f3n de d\u00f3lares<\/strong>, mismos que se descontar\u00edan si el equipo argentino est\u00e1 dispuesto a pagar el pase completo.<\/p>\n<p style=\"text-align: center;\"><a href=\"https:\/\/www.futboltotal.com.mx\/liga-de-portugal\/miguel-layun-podria-volver-a-la-serie-a-italia\/2018\/01\" target=\"_blank\" rel=\"noopener\">VER M\u00c1S: Miguel Lay\u00fan llegar\u00eda a la Serie A de nuevo<\/a><\/p>\n<p><strong>EL TUCA NO QUIERE REGALAR FUTBOLISTAS<\/strong><\/p>\n<p>El estratega de <strong>Tigres UANL<\/strong>, <strong>Ricardo Ferretti<\/strong> desconoce el supuesto inter\u00e9s de los <strong>Millonarios<\/strong> por el futbolista argentino, sin embargo dej\u00f3 en claro que no van a &#8216;regalar&#8217; futbolistas, pues a los <strong>Felinos<\/strong> les cost\u00f3 un precio hacerse con el jugador. Adem\u00e1s,<a href=\"https:\/\/www.futboltotal.com.mx\/futbol-mexicano\/liga-mx\/tigres-buscaria-reforzarse-samir-nasri\/2018\/01\" target=\"_blank\" rel=\"noopener\"> estableci\u00f3 que solo lo dejar\u00edan marcharse si tiene un sustituto<\/a>.<\/p>\n<p>&#8220;Ni idea tengo de lo que platican. Lo \u00fanico que digo es lo siguiente: si hay una oportunidad de traer a alguien que valga la pena es posible, y <strong>si alguien quiere salir y tengo un suplente no tengo ning\u00fan problema<\/strong>. \u00bfCu\u00e1nto nos cost\u00f3 traer a\u00a0<strong>Lucas<\/strong>?, \u00bfPagan lo mismo que nosotros pagamos? No hacemos negocios de comprar caro y vender barato&#8221;, aclar\u00f3 en conferencia de prensa.<\/p>\n<p style=\"text-align: center;\"><a href=\"https:\/\/www.futboltotal.com.mx\/futbol-mexicano\/liga-mx\/america-presenta-tercer-uniforme-clausura-2018\/2018\/01\" target=\"_blank\" rel=\"noopener\">VER M\u00c1S: Am\u00e9rica present\u00f3 su tercer uniforme para el Clausura 2018<\/a><\/p>\n","protected":false},"excerpt":{"rendered":"<p>El argentino se ir\u00eda del equipo Felino al no encontrar la regularidad que desea<\/p>\n","protected":false},"author":159,"featured_media":513960,"comment_status":"closed","ping_status":"closed","sticky":false,"template":"","format":"standard","meta":[],"categories":[2198,3845],"tags":[9028,64,8084,164,570],"_links":{"self":[{"href":"http:\/\/desarrollo.grupomedios.com\/futbol\/wp-json\/wp\/v2\/posts\/513959"}],"collection":[{"href":"http:\/\/desarrollo.grupomedios.com\/futbol\/wp-json\/wp\/v2\/posts"}],"about":[{"href":"http:\/\/desarrollo.grupomedios.com\/futbol\/wp-json\/wp\/v2\/types\/post"}],"author":[{"embeddable":true,"href":"http:\/\/desarrollo.grupomedios.com\/futbol\/wp-json\/wp\/v2\/users\/159"}],"replies":[{"embeddable":true,"href":"http:\/\/desarrollo.grupomedios.com\/futbol\/wp-json\/wp\/v2\/comments?post=513959"}],"version-history":[{"count":1,"href":"http:\/\/desarrollo.grupomedios.com\/futbol\/wp-json\/wp\/v2\/posts\/513959\/revisions"}],"predecessor-version":[{"id":513961,"href":"http:\/\/desarrollo.grupomedios.com\/futbol\/wp-json\/wp\/v2\/posts\/513959\/revisions\/513961"}],"wp:featuredmedia":[{"embeddable":true,"href":"http:\/\/desarrollo.grupomedios.com\/futbol\/wp-json\/wp\/v2\/media\/513960"}],"wp:attachment":[{"href":"http:\/\/desarrollo.grupomedios.com\/futbol\/wp-json\/wp\/v2\/media?parent=513959"}],"wp:term":[{"taxonomy":"category","embeddable":true,"href":"http:\/\/desarrollo.grupomedios.com\/futbol\/wp-json\/wp\/v2\/categories?post=513959"},{"taxonomy":"post_tag","embeddable":true,"href":"http:\/\/desarrollo.grupomedios.com\/futbol\/wp-json\/wp\/v2\/tags?post=513959"}],"curies":[{"name":"wp","href":"https:\/\/api.w.org\/{rel}","templated":true}]}}