{"id":513978,"date":"2018-01-08T19:25:50","date_gmt":"2018-01-09T01:25:50","guid":{"rendered":"https:\/\/www.futboltotal.com.mx\/?p=513978"},"modified":"2018-01-08T20:12:13","modified_gmt":"2018-01-09T02:12:13","slug":"efrain-juarez-dejara-rayados-la-mls","status":"publish","type":"post","link":"http:\/\/desarrollo.grupomedios.com\/futbol\/futbol-mexicano\/efrain-juarez-dejara-rayados-la-mls\/2018\/01","title":{"rendered":"Efra\u00edn Ju\u00e1rez dejar\u00e1 a Rayados por la MLS"},"content":{"rendered":"<p>El lateral por derecha mexicano,<strong> Efra\u00edn Ju\u00e1rez<\/strong> ya no tendr\u00eda m\u00e1s minutos con los <a href=\"https:\/\/www.futboltotal.com.mx\/futbol-mexicano\/liga-mx\/rayados-en-la-mira-al-costarricense-bryan-ruiz\/2018\/01\" target=\"_blank\" rel=\"noopener\"><strong>Rayados de Monterrey<\/strong><\/a> en la <strong>Liga MX<\/strong>, luego que no estuviera con el plantel para la Jornada 1 ante <a href=\"https:\/\/www.futboltotal.com.mx\/futbol-mexicano\/liga-mx\/monterrey-1-monarcas-morelia-1-clausura-2018-resumen\/2018\/01\" target=\"_blank\" rel=\"noopener\"><strong>Monarcas Morelia<\/strong><\/a>, el estratega de los regios ha confirmado que el futbolista tiene una oferta de la <strong>Major League Soccer<\/strong>.<\/p>\n<p><strong>\u201cEfra\u00edn est\u00e1 con la posibilidad de irse a jugar a la MLS\u00a0<\/strong>, \u00e9l pidi\u00f3 ir a jugar y seguramente est\u00e1 en negociaci\u00f3n por eso no est\u00e1 en el plantel\u201d, expres\u00f3 <strong>Antonio Mohamed<\/strong> en conferencia de prensa, se especula que su destino ser\u00edan los\u00a0<strong>Vancouver Whitecaps<\/strong> de Canad\u00e1.<\/p>\n<p style=\"text-align: center;\"><a href=\"https:\/\/www.futboltotal.com.mx\/futbol-mexicano\/liga-mx\/gullit-pena-numeros-pobres-salario-millonario-en-cruz-azul\/2018\/01\" target=\"_blank\" rel=\"noopener\">VER M\u00c1S: Gullit Pe\u00f1a, n\u00fameros pobres pero salario millonario con Cruz Azul<\/a><\/p>\n<p><strong>YA TENDR\u00cdAN A SU REEMPLAZO<\/strong><\/p>\n<p>A pesar que <strong>Stefan Medina<\/strong> se perfila para continuar siendo el titular por ese costado, aunque tambi\u00e9n se ha especulado sobre su salida, la directiva tiene la intenci\u00f3n de comenzar a darle minutos al canterano<strong>\u00a0Juan \u00c1lvarez<\/strong>, quien puede desempe\u00f1arse como lateral y volante, por lo que estar\u00edan impulsando al joven formado en Rayados para que ocupe el hueco que dejar\u00e1 Ju\u00e1rez.<\/p>\n<p style=\"text-align: center;\"><a href=\"https:\/\/www.futboltotal.com.mx\/futbol-mexicano\/liga-mx\/lucas-zelarayan-iria-a-prestamo-river-plate\/2018\/01\" target=\"_blank\" rel=\"noopener\">VER M\u00c1S: Lucas Zelaray\u00e1n ir\u00eda a pr\u00e9stamo con River Plate<\/a><\/p>\n","protected":false},"excerpt":{"rendered":"<p>El lateral derecho se marchar\u00eda al Vancouver Whitecaps de Canad\u00e1<\/p>\n","protected":false},"author":159,"featured_media":513979,"comment_status":"closed","ping_status":"closed","sticky":false,"template":"","format":"standard","meta":[],"categories":[2198,3845],"tags":[9028,363,64,195,1329],"_links":{"self":[{"href":"http:\/\/desarrollo.grupomedios.com\/futbol\/wp-json\/wp\/v2\/posts\/513978"}],"collection":[{"href":"http:\/\/desarrollo.grupomedios.com\/futbol\/wp-json\/wp\/v2\/posts"}],"about":[{"href":"http:\/\/desarrollo.grupomedios.com\/futbol\/wp-json\/wp\/v2\/types\/post"}],"author":[{"embeddable":true,"href":"http:\/\/desarrollo.grupomedios.com\/futbol\/wp-json\/wp\/v2\/users\/159"}],"replies":[{"embeddable":true,"href":"http:\/\/desarrollo.grupomedios.com\/futbol\/wp-json\/wp\/v2\/comments?post=513978"}],"version-history":[{"count":2,"href":"http:\/\/desarrollo.grupomedios.com\/futbol\/wp-json\/wp\/v2\/posts\/513978\/revisions"}],"predecessor-version":[{"id":513987,"href":"http:\/\/desarrollo.grupomedios.com\/futbol\/wp-json\/wp\/v2\/posts\/513978\/revisions\/513987"}],"wp:featuredmedia":[{"embeddable":true,"href":"http:\/\/desarrollo.grupomedios.com\/futbol\/wp-json\/wp\/v2\/media\/513979"}],"wp:attachment":[{"href":"http:\/\/desarrollo.grupomedios.com\/futbol\/wp-json\/wp\/v2\/media?parent=513978"}],"wp:term":[{"taxonomy":"category","embeddable":true,"href":"http:\/\/desarrollo.grupomedios.com\/futbol\/wp-json\/wp\/v2\/categories?post=513978"},{"taxonomy":"post_tag","embeddable":true,"href":"http:\/\/desarrollo.grupomedios.com\/futbol\/wp-json\/wp\/v2\/tags?post=513978"}],"curies":[{"name":"wp","href":"https:\/\/api.w.org\/{rel}","templated":true}]}}