{"id":513984,"date":"2018-01-08T20:03:12","date_gmt":"2018-01-09T02:03:12","guid":{"rendered":"https:\/\/www.futboltotal.com.mx\/?p=513984"},"modified":"2018-01-08T20:03:12","modified_gmt":"2018-01-09T02:03:12","slug":"luego-del-fracaso-chile-nuevo-dt-reinaldo-rueda","status":"publish","type":"post","link":"http:\/\/desarrollo.grupomedios.com\/futbol\/futbol-internacional\/luego-del-fracaso-chile-nuevo-dt-reinaldo-rueda\/2018\/01","title":{"rendered":"Luego del fracaso Chile tiene nuevo DT, Reinaldo Rueda"},"content":{"rendered":"<p>Luego del fracaso que signific\u00f3 para la <strong>Selecci\u00f3n de Chile<\/strong> no lograr clasificarse a la <a href=\"https:\/\/www.futboltotal.com.mx\/copa-mundial-de-futbol-2018\" target=\"_blank\" rel=\"noopener\"><strong>Copa del Mundo de Rusia 2018<\/strong> <\/a>al quedar en la sexta posici\u00f3n de <strong>Conmebol<\/strong> han anunciado al nuevo estratega con miras ya a <strong>Qatar 2022<\/strong> y ser\u00e1 el colombiano <strong>Reinaldo Rueda<\/strong>.<\/p>\n<p>&#8220;El acuerdo con el nuevo seleccionador tendr\u00e1 vigencia hasta el final de las clasificatorias a <strong>Qatar 2022<\/strong> y ser\u00e1 prorrogable inmediatamente en caso de obtener la clasificaci\u00f3n&#8221;, indica el comunicado de la Federaci\u00f3n de Futbol de Chile. El cuadro de la Roja se qued\u00f3 sin estratega luego que <strong><a href=\"https:\/\/www.futboltotal.com.mx\/copa-mundial-de-futbol-2018\/noticias\/juan-antonio-pizzi-toma-a-arabia-saudita-ira-a-rusia\" target=\"_blank\" rel=\"noopener\">Juan Antonio Pizzi<\/a><\/strong> dejara el cargo al no lograr el boleto para la Copa del Mundo.<\/p>\n<p style=\"text-align: center;\"><a href=\"https:\/\/www.futboltotal.com.mx\/futbol-mexicano\/liga-mx\/gullit-pena-numeros-pobres-salario-millonario-en-cruz-azul\/2018\/01\" target=\"_blank\" rel=\"noopener\">VER M\u00c1S: Gullit Pe\u00f1a, n\u00fameros pobres pero salario millonario en Cruz Azul<\/a><\/p>\n<p>\u201cNos tomamos el tiempo necesario para dar con la mejor alternativa para nuestra selecci\u00f3n. Un t\u00e9cnico con <strong>experiencia en selecciones<\/strong>, que<strong> ha clasificado a mundiales<\/strong> y cuenta con una trayectoria deportiva de alto nivel&#8221; se\u00f1al\u00f3, el presidente de la Federaci\u00f3n, <strong>Arturo Salah<\/strong>.<\/p>\n<p>El colombiano ha dirigido a la selecci\u00f3n de su pa\u00eds, adem\u00e1s de a<strong> Honduras y Ecuador<\/strong>, asistiendo con estos \u00faltimos a las Copas del Mundo de <strong>Sud\u00e1frica 2010 y Brasil 2014<\/strong>.<\/p>\n<blockquote class=\"twitter-tweet\" data-lang=\"es\">\n<p dir=\"ltr\" lang=\"es\">\u00a1Bienvenido a <a href=\"https:\/\/twitter.com\/hashtag\/LaRoja?src=hash&amp;ref_src=twsrc%5Etfw\">#LaRoja<\/a>, profe!<\/p>\n<p>Conoce los detalles aqu\u00ed &#x1f449;<a href=\"https:\/\/t.co\/beEI2RrDAu\">https:\/\/t.co\/beEI2RrDAu<\/a> <a href=\"https:\/\/t.co\/2NmuGPbQ0g\">pic.twitter.com\/2NmuGPbQ0g<\/a><\/p>\n<p>\u2014 Selecci\u00f3n Chilena (@LaRoja) <a href=\"https:\/\/twitter.com\/LaRoja\/status\/950518125497380865?ref_src=twsrc%5Etfw\">9 de enero de 2018<\/a><\/p><\/blockquote>\n<p><script async src=\"https:\/\/platform.twitter.com\/widgets.js\" charset=\"utf-8\"><\/script><\/p>\n<p style=\"text-align: center;\"><a href=\"https:\/\/www.futboltotal.com.mx\/futbol-mexicano\/liga-mx\/rayados-en-la-mira-al-costarricense-bryan-ruiz\/2018\/01\" target=\"_blank\" rel=\"noopener\">VER M\u00c1S: Rayados de Monterrey desea al costarricense Bryan Ru\u00edz\u00a0<\/a><\/p>\n","protected":false},"excerpt":{"rendered":"<p>La Roja le pondr\u00e1 sabor colombiano con su nuevo estratega quien buscar\u00e1 la Copa del Mundo de Qatar 2022<\/p>\n","protected":false},"author":159,"featured_media":513985,"comment_status":"closed","ping_status":"closed","sticky":false,"template":"","format":"standard","meta":[],"categories":[3839],"tags":[406,4027,11538,2232,1669],"_links":{"self":[{"href":"http:\/\/desarrollo.grupomedios.com\/futbol\/wp-json\/wp\/v2\/posts\/513984"}],"collection":[{"href":"http:\/\/desarrollo.grupomedios.com\/futbol\/wp-json\/wp\/v2\/posts"}],"about":[{"href":"http:\/\/desarrollo.grupomedios.com\/futbol\/wp-json\/wp\/v2\/types\/post"}],"author":[{"embeddable":true,"href":"http:\/\/desarrollo.grupomedios.com\/futbol\/wp-json\/wp\/v2\/users\/159"}],"replies":[{"embeddable":true,"href":"http:\/\/desarrollo.grupomedios.com\/futbol\/wp-json\/wp\/v2\/comments?post=513984"}],"version-history":[{"count":1,"href":"http:\/\/desarrollo.grupomedios.com\/futbol\/wp-json\/wp\/v2\/posts\/513984\/revisions"}],"predecessor-version":[{"id":513986,"href":"http:\/\/desarrollo.grupomedios.com\/futbol\/wp-json\/wp\/v2\/posts\/513984\/revisions\/513986"}],"wp:featuredmedia":[{"embeddable":true,"href":"http:\/\/desarrollo.grupomedios.com\/futbol\/wp-json\/wp\/v2\/media\/513985"}],"wp:attachment":[{"href":"http:\/\/desarrollo.grupomedios.com\/futbol\/wp-json\/wp\/v2\/media?parent=513984"}],"wp:term":[{"taxonomy":"category","embeddable":true,"href":"http:\/\/desarrollo.grupomedios.com\/futbol\/wp-json\/wp\/v2\/categories?post=513984"},{"taxonomy":"post_tag","embeddable":true,"href":"http:\/\/desarrollo.grupomedios.com\/futbol\/wp-json\/wp\/v2\/tags?post=513984"}],"curies":[{"name":"wp","href":"https:\/\/api.w.org\/{rel}","templated":true}]}}