{"id":513988,"date":"2018-01-09T08:53:12","date_gmt":"2018-01-09T14:53:12","guid":{"rendered":"https:\/\/www.futboltotal.com.mx\/?p=513988"},"modified":"2018-01-09T08:53:12","modified_gmt":"2018-01-09T14:53:12","slug":"goleadora-atlas-renuncia-bajo-salario","status":"publish","type":"post","link":"http:\/\/desarrollo.grupomedios.com\/futbol\/futbol-mexicano\/goleadora-atlas-renuncia-bajo-salario\/2018\/01","title":{"rendered":"Goleadora de Atlas renuncia por bajo salario"},"content":{"rendered":"<p>La ahora ex jugadora de <strong>Atlas de Guadalajara<\/strong>, <strong>Alicia Cervantes<\/strong> ten\u00eda el sue\u00f1o de se jugadora profesional y la<a href=\"https:\/\/www.futboltotal.com.mx\/futbol-mexicano\/liga-femenil\/liga-mx-femenil-se-espera-en-2018\/2018\/01\" target=\"_blank\" rel=\"noopener\"> <strong>Liga MX Femenil<\/strong><\/a> le hab\u00eda dado esa oportunidad, sin embargo, este semestre decidi\u00f3 alejarse de las canchas debido a que no quisieron aumentarle el sueldo, a pesar de ser la goleadora de las Rojinegras la temporada pasada.<\/p>\n<p>Su decisi\u00f3n fue por la necesidad, pues los <strong>mil 500 pesos<\/strong> que percib\u00eda mensualmente no le alcanzaban para el transporte y al pedir un aumento de sueldo la respuesta fue contundente; &#8220;no&#8221;. \u201c<strong>Decid\u00ed no seguir por mi econom\u00eda<\/strong>, yo no ten\u00eda una casa club, yo no estoy estudiando, tampoco me estaban dando estudios y aparte era muy poco lo que me estaban pagando\u201d, relat\u00f3 Cervantes para mediotiempo.<\/p>\n<p style=\"text-align: center;\"><a href=\"https:\/\/www.futboltotal.com.mx\/futbol-mexicano\/liga-mx\/gullit-pena-numeros-pobres-salario-millonario-en-cruz-azul\/2018\/01\">VER M\u00c1S: Gullit Pe\u00f1a, n\u00fameros pobres pero salario millonario en Cruz Azul<\/a><\/p>\n<p>El torneo pasado la delantera fue quien m\u00e1s goles convirti\u00f3 en el equipo de Atlas con nueve anotaciones y por el momento no podr\u00e1 alargar esa cantidad en la Liga Femenil; \u201c<strong>les ped\u00ed un aumento y m\u00e1s que nada eso fue mi salida<\/strong>. Habl\u00e9 con el gerente, con los directivos yo no pude hablar, ellos no quisieron aumentarme, no s\u00e9 si la directiva lo supo o no\u201d, expres\u00f3 la ex jugadora.<\/p>\n<p>\u201cEran<b>\u00a0mil 500 pesos por mes<\/b>. Yo no les ped\u00eda millones, simplemente les ped\u00eda lo justo, creo que por lo que hicimos en colectivo en el torneo y por lo que hice personal, creo que m\u00e1s de una s\u00ed nos merec\u00edamos el aumento\u201d, indic\u00f3 la jugadora. &#8220;<strong>El gerente me dijo que no me pod\u00edan dar el aumento<\/strong>: \u2018lo que tienes, es lo \u00fanico que te podemos dar, no podemos m\u00e1s\u2019\u201d, finaliz\u00f3 la ex futbolista.<\/p>\n<p style=\"text-align: center;\"><a href=\"https:\/\/www.futboltotal.com.mx\/futbol-mexicano\/ascenso-mx\/david-villa-nyc-jugaran-ante-san-luis\/2018\/01\">VER M\u00c1S: David Villa y NYC jugar\u00e1n ante San Luis<\/a><\/p>\n<p>&nbsp;<\/p>\n<p>&nbsp;<\/p>\n","protected":false},"excerpt":{"rendered":"<p>La delantera de las Rojinegras ganaba mil quinientos pesos al mes <\/p>\n","protected":false},"author":159,"featured_media":513989,"comment_status":"closed","ping_status":"closed","sticky":false,"template":"","format":"standard","meta":[],"categories":[2198,9628,3845],"tags":[11539,5961,5963,7754],"_links":{"self":[{"href":"http:\/\/desarrollo.grupomedios.com\/futbol\/wp-json\/wp\/v2\/posts\/513988"}],"collection":[{"href":"http:\/\/desarrollo.grupomedios.com\/futbol\/wp-json\/wp\/v2\/posts"}],"about":[{"href":"http:\/\/desarrollo.grupomedios.com\/futbol\/wp-json\/wp\/v2\/types\/post"}],"author":[{"embeddable":true,"href":"http:\/\/desarrollo.grupomedios.com\/futbol\/wp-json\/wp\/v2\/users\/159"}],"replies":[{"embeddable":true,"href":"http:\/\/desarrollo.grupomedios.com\/futbol\/wp-json\/wp\/v2\/comments?post=513988"}],"version-history":[{"count":1,"href":"http:\/\/desarrollo.grupomedios.com\/futbol\/wp-json\/wp\/v2\/posts\/513988\/revisions"}],"predecessor-version":[{"id":513990,"href":"http:\/\/desarrollo.grupomedios.com\/futbol\/wp-json\/wp\/v2\/posts\/513988\/revisions\/513990"}],"wp:featuredmedia":[{"embeddable":true,"href":"http:\/\/desarrollo.grupomedios.com\/futbol\/wp-json\/wp\/v2\/media\/513989"}],"wp:attachment":[{"href":"http:\/\/desarrollo.grupomedios.com\/futbol\/wp-json\/wp\/v2\/media?parent=513988"}],"wp:term":[{"taxonomy":"category","embeddable":true,"href":"http:\/\/desarrollo.grupomedios.com\/futbol\/wp-json\/wp\/v2\/categories?post=513988"},{"taxonomy":"post_tag","embeddable":true,"href":"http:\/\/desarrollo.grupomedios.com\/futbol\/wp-json\/wp\/v2\/tags?post=513988"}],"curies":[{"name":"wp","href":"https:\/\/api.w.org\/{rel}","templated":true}]}}