{"id":513994,"date":"2018-01-09T09:30:42","date_gmt":"2018-01-09T15:30:42","guid":{"rendered":"https:\/\/www.futboltotal.com.mx\/?p=513994"},"modified":"2018-01-09T09:30:42","modified_gmt":"2018-01-09T15:30:42","slug":"jesus-mendez-deja-toluca-llegar-a-velez-sarsfield","status":"publish","type":"post","link":"http:\/\/desarrollo.grupomedios.com\/futbol\/futbol-mexicano\/jesus-mendez-deja-toluca-llegar-a-velez-sarsfield\/2018\/01","title":{"rendered":"Jes\u00fas M\u00e9ndez deja Toluca para llegar a V\u00e9lez Sarsfield"},"content":{"rendered":"<p>El volante central argentino, <strong>Jes\u00fas M\u00e9ndez<\/strong>, tiene todo listo para dejar a los <strong>Diablos Rojos del Toluca<\/strong> y la<strong> Liga MX<\/strong> para regresar a su pa\u00eds, pues ya se desvincul\u00f3 del cuadro Choricero para enrolarse con <strong>V\u00e9lez Sarsfield<\/strong> de su pa\u00eds donde solo espera por realizarse la revisi\u00f3n m\u00e9dica pertinente para poder sumarse al equipo dirigido por <strong>Gabriel Henize<\/strong>.<\/p>\n<p style=\"text-align: center;\"><a href=\"https:\/\/www.futboltotal.com.mx\/futbol-mexicano\/liga-mx\/america-busca-al-delantero-senegales-demba-ba\/2018\/01\">VER M\u00c1S: Am\u00e9rica busca al delantero senegal\u00e9s Demba Ba<\/a><\/p>\n<p>Su representante acord\u00f3 con la dirigencia del club y en breve estar\u00e1 sum\u00e1ndose al plantel argentino dejando a los Diablos, ante una baja que se vislumbraba desde hace un tiempo, pues el jugador ya hab\u00eda sido buscado con insistencia por <strong>Rosario Central y Hurac\u00e1n<\/strong> tambi\u00e9n de su pa\u00eds.<\/p>\n<p>El volante defensivo estuvo en la <strong>Liga MX<\/strong> cerca de a\u00f1o y medio, llegando en el <strong>Apertura 2016<\/strong> y disput\u00f3<strong> 40 partidos<\/strong> con los Diablos Rojos aportando <strong>tres goles<\/strong> en su estancia con los escarlatas, luego que llegara procedente de <strong>Independiente de Avellaneda<\/strong>. Este paso por M\u00e9xico signific\u00f3 su segunda experiencia fuera de su pa\u00eds desde 2007 cuando jugara en el\u00a0<strong>Fussballclub San Galo<\/strong> de <strong>Suiza<\/strong>.<\/p>\n<p style=\"text-align: center;\"><a href=\"https:\/\/www.futboltotal.com.mx\/futbol-mexicano\/liga-mx\/gullit-pena-numeros-pobres-salario-millonario-en-cruz-azul\/2018\/01\">VER M\u00c1S: Gullit Pe\u00f1a, n\u00fameros pobres pero salario millonario en Cruz Azul<\/a><\/p>\n<div id=\"bodyContent\" class=\"mw-body-content\"><\/div>\n","protected":false},"excerpt":{"rendered":"<p>El volante argentino estuvo un a\u00f1o y medio en M\u00e9xico con el equipo Choricero<\/p>\n","protected":false},"author":159,"featured_media":513995,"comment_status":"closed","ping_status":"closed","sticky":false,"template":"","format":"standard","meta":[],"categories":[2198,3845],"tags":[9028,443,11223,64,5975,2907],"_links":{"self":[{"href":"http:\/\/desarrollo.grupomedios.com\/futbol\/wp-json\/wp\/v2\/posts\/513994"}],"collection":[{"href":"http:\/\/desarrollo.grupomedios.com\/futbol\/wp-json\/wp\/v2\/posts"}],"about":[{"href":"http:\/\/desarrollo.grupomedios.com\/futbol\/wp-json\/wp\/v2\/types\/post"}],"author":[{"embeddable":true,"href":"http:\/\/desarrollo.grupomedios.com\/futbol\/wp-json\/wp\/v2\/users\/159"}],"replies":[{"embeddable":true,"href":"http:\/\/desarrollo.grupomedios.com\/futbol\/wp-json\/wp\/v2\/comments?post=513994"}],"version-history":[{"count":1,"href":"http:\/\/desarrollo.grupomedios.com\/futbol\/wp-json\/wp\/v2\/posts\/513994\/revisions"}],"predecessor-version":[{"id":513996,"href":"http:\/\/desarrollo.grupomedios.com\/futbol\/wp-json\/wp\/v2\/posts\/513994\/revisions\/513996"}],"wp:featuredmedia":[{"embeddable":true,"href":"http:\/\/desarrollo.grupomedios.com\/futbol\/wp-json\/wp\/v2\/media\/513995"}],"wp:attachment":[{"href":"http:\/\/desarrollo.grupomedios.com\/futbol\/wp-json\/wp\/v2\/media?parent=513994"}],"wp:term":[{"taxonomy":"category","embeddable":true,"href":"http:\/\/desarrollo.grupomedios.com\/futbol\/wp-json\/wp\/v2\/categories?post=513994"},{"taxonomy":"post_tag","embeddable":true,"href":"http:\/\/desarrollo.grupomedios.com\/futbol\/wp-json\/wp\/v2\/tags?post=513994"}],"curies":[{"name":"wp","href":"https:\/\/api.w.org\/{rel}","templated":true}]}}