{"id":514003,"date":"2018-01-09T11:07:53","date_gmt":"2018-01-09T17:07:53","guid":{"rendered":"https:\/\/www.futboltotal.com.mx\/?p=514003"},"modified":"2018-01-09T11:07:53","modified_gmt":"2018-01-09T17:07:53","slug":"dorlan-pabon-dejaria-rayados-ir-a-palmeiras","status":"publish","type":"post","link":"http:\/\/desarrollo.grupomedios.com\/futbol\/futbol-mexicano\/dorlan-pabon-dejaria-rayados-ir-a-palmeiras\/2018\/01","title":{"rendered":"Dorlan Pab\u00f3n dejar\u00eda Rayados para ir a Palmeiras"},"content":{"rendered":"<p>El delantero de <strong>Rayados<\/strong>, <strong>Dorlan Pab\u00f3n<\/strong>, parece que se unir\u00e1 a la lista de bajas del <strong>Monterrey<\/strong>, pues el colombiano dejar\u00eda el futbol mexicano para ir a jugar ante el <strong>Palmeiras de Brasil<\/strong>.<\/p>\n<p>Seg\u00fan informa el programa <em>El Alargue de Caracol Radio<\/em>, en los \u00faltimos d\u00edas se ha especulado de un ofrecimiento brasile\u00f1o y que lo ten\u00eda en duda para jugar contra Morelia el s\u00e1bado, aunque finalmente fue titular.<\/p>\n<p style=\"text-align: center;\"><span style=\"color: #3366ff;\"><a href=\"https:\/\/www.futboltotal.com.mx\/futbol-mexicano\/liga-mx\/america-busca-al-delantero-senegales-demba-ba\/2018\/01\">VER M\u00c1S: Am\u00e9rica busca al delantero senegal\u00e9s Demba Ba<\/a><\/span><\/p>\n<p>\u201cDorlan ma\u00f1ana va jugar, sobre el tema de jugadores que pueden llegar o salir se dar\u00e1 hasta el 31 de enero. No hay nada cerrado. No puedo decir ni que s\u00ed ni que no, es lo que puedo decir\u201d, dijo el viernes previo al juego de la Jornada 1.<\/p>\n<p>El delantero entren\u00f3 al parejo del grupo este lunes en <em>El Barrial<\/em>, donde el equipo se prepara para el juego del pr\u00f3ximo domingo contra <strong>Veracruz<\/strong> en duelo por la Jornada 2.<\/p>\n<p><strong>Neri Cardozo<\/strong>, <strong>Luis Fuentes<\/strong>, <strong>Edgar Castillo<\/strong> y <strong>Marco Bueno<\/strong> son las bajas que tiene Antonio Mohamed para este <strong>Clausura 2018<\/strong> que acaba de comenzar.<\/p>\n","protected":false},"excerpt":{"rendered":"<p>El atacante de Rayados podr\u00eda dejar el futbol mexicano.<\/p>\n","protected":false},"author":129,"featured_media":512554,"comment_status":"closed","ping_status":"closed","sticky":false,"template":"","format":"standard","meta":[],"categories":[2198,3845],"tags":[2612,3883,64,5966,497],"_links":{"self":[{"href":"http:\/\/desarrollo.grupomedios.com\/futbol\/wp-json\/wp\/v2\/posts\/514003"}],"collection":[{"href":"http:\/\/desarrollo.grupomedios.com\/futbol\/wp-json\/wp\/v2\/posts"}],"about":[{"href":"http:\/\/desarrollo.grupomedios.com\/futbol\/wp-json\/wp\/v2\/types\/post"}],"author":[{"embeddable":true,"href":"http:\/\/desarrollo.grupomedios.com\/futbol\/wp-json\/wp\/v2\/users\/129"}],"replies":[{"embeddable":true,"href":"http:\/\/desarrollo.grupomedios.com\/futbol\/wp-json\/wp\/v2\/comments?post=514003"}],"version-history":[{"count":1,"href":"http:\/\/desarrollo.grupomedios.com\/futbol\/wp-json\/wp\/v2\/posts\/514003\/revisions"}],"predecessor-version":[{"id":514004,"href":"http:\/\/desarrollo.grupomedios.com\/futbol\/wp-json\/wp\/v2\/posts\/514003\/revisions\/514004"}],"wp:featuredmedia":[{"embeddable":true,"href":"http:\/\/desarrollo.grupomedios.com\/futbol\/wp-json\/wp\/v2\/media\/512554"}],"wp:attachment":[{"href":"http:\/\/desarrollo.grupomedios.com\/futbol\/wp-json\/wp\/v2\/media?parent=514003"}],"wp:term":[{"taxonomy":"category","embeddable":true,"href":"http:\/\/desarrollo.grupomedios.com\/futbol\/wp-json\/wp\/v2\/categories?post=514003"},{"taxonomy":"post_tag","embeddable":true,"href":"http:\/\/desarrollo.grupomedios.com\/futbol\/wp-json\/wp\/v2\/tags?post=514003"}],"curies":[{"name":"wp","href":"https:\/\/api.w.org\/{rel}","templated":true}]}}