{"id":514005,"date":"2018-01-09T11:31:26","date_gmt":"2018-01-09T17:31:26","guid":{"rendered":"https:\/\/www.futboltotal.com.mx\/?p=514005"},"modified":"2018-01-09T11:31:26","modified_gmt":"2018-01-09T17:31:26","slug":"tevez-volvio-a-boca-juniors-la-libertadores-mundial","status":"publish","type":"post","link":"http:\/\/desarrollo.grupomedios.com\/futbol\/futbol-internacional\/tevez-volvio-a-boca-juniors-la-libertadores-mundial\/2018\/01","title":{"rendered":"T\u00e9vez volvi\u00f3 a Boca Juniors por la Libertadores y el Mundial"},"content":{"rendered":"<p><strong>Carlos Tevez,<\/strong> que fue presentado este martes como fichaje del <strong>Boca Juniors<\/strong> proveniente del <strong>Shangh\u00e1i Shenhua<\/strong> chino, explic\u00f3 que regres\u00f3 al Xeneize porque quiere ganar la <strong>Copa Libertadores<\/strong> de este a\u00f1o y que todav\u00eda sue\u00f1a con jugar el <strong>Mundial de Rusia de 2018.<\/strong><\/p>\n<p>&#8220;Uno vuelve porque quiere ganar la Libertadores, como todos los hinchas. Ya me queda poco en el mundo del f\u00fatbol y lo quiero disfrutar, cumplir el sue\u00f1o de ganar la s\u00e9ptima. Va m\u00e1s all\u00e1 de si uno est\u00e1 o se fue o volvi\u00f3, lo importante es ahora&#8221;, dijo el delantero de 33 a\u00f1os en rueda de prensa.<\/p>\n<p>&#8220;Quiero disfrutar estos dos a\u00f1os que firm\u00e9 con Boca porque es lo \u00faltimo que me queda. Quiero disfrutar de todo, no me presiono porque s\u00e9 que tengo que rendir dentro de la cancha, pero disfrutando y con alegr\u00eda se me va a hacer mucho m\u00e1s f\u00e1cil&#8221;, a\u00f1adi\u00f3.<\/p>\n<p style=\"text-align: center;\"><a href=\"https:\/\/www.futboltotal.com.mx\/futbol-mexicano\/liga-mx\/america-busca-al-delantero-senegales-demba-ba\/2018\/01\"><span style=\"color: #3366ff;\">VER M\u00c1S: Am\u00e9rica busca al delantero senegal\u00e9s Demba Ba<\/span><\/a><\/p>\n<p>El goleador se\u00f1al\u00f3 que no se arrepiente de haberse ido a China y que regres\u00f3 en \u00f3ptimas condiciones f\u00edsicas. Adem\u00e1s, dijo que ser\u00eda &#8220;algo consagratorio&#8221; que el seleccionador de Argentina, <strong>Jorge Sampaoli<\/strong>, lo cite para el Mundial de Rusia 2018.<\/p>\n<p>&#8220;Si uno hace bien las cosas dentro de la cancha&#8230; Para un jugador de mi edad ser\u00eda muy lindo estar en un Mundial&#8221;, sostuvo Tevez, que disput\u00f3 las <strong>Copas del Mundo de Alemania 2006 y Sud\u00e1frica 2010.<\/strong><\/p>\n<p>Al ser consultado sobre si estos dos a\u00f1os en Boca Juniors ser\u00e1n los \u00faltimos de su carrera sostuvo que &#8220;quiere disfrutar&#8221; de ese periodo y que despu\u00e9s ver\u00e1 si le &#8220;da la nafta&#8221; y si tiene &#8220;ganas de seguir&#8221;.<\/p>\n<p>&nbsp;<\/p>\n","protected":false},"excerpt":{"rendered":"<p>El argentino quiere llegar a la Copa del Mundo de Rusia 2018.<\/p>\n","protected":false},"author":129,"featured_media":513692,"comment_status":"closed","ping_status":"closed","sticky":false,"template":"","format":"standard","meta":[],"categories":[3839,7495],"tags":[1683,1741,1396,6214],"_links":{"self":[{"href":"http:\/\/desarrollo.grupomedios.com\/futbol\/wp-json\/wp\/v2\/posts\/514005"}],"collection":[{"href":"http:\/\/desarrollo.grupomedios.com\/futbol\/wp-json\/wp\/v2\/posts"}],"about":[{"href":"http:\/\/desarrollo.grupomedios.com\/futbol\/wp-json\/wp\/v2\/types\/post"}],"author":[{"embeddable":true,"href":"http:\/\/desarrollo.grupomedios.com\/futbol\/wp-json\/wp\/v2\/users\/129"}],"replies":[{"embeddable":true,"href":"http:\/\/desarrollo.grupomedios.com\/futbol\/wp-json\/wp\/v2\/comments?post=514005"}],"version-history":[{"count":1,"href":"http:\/\/desarrollo.grupomedios.com\/futbol\/wp-json\/wp\/v2\/posts\/514005\/revisions"}],"predecessor-version":[{"id":514009,"href":"http:\/\/desarrollo.grupomedios.com\/futbol\/wp-json\/wp\/v2\/posts\/514005\/revisions\/514009"}],"wp:featuredmedia":[{"embeddable":true,"href":"http:\/\/desarrollo.grupomedios.com\/futbol\/wp-json\/wp\/v2\/media\/513692"}],"wp:attachment":[{"href":"http:\/\/desarrollo.grupomedios.com\/futbol\/wp-json\/wp\/v2\/media?parent=514005"}],"wp:term":[{"taxonomy":"category","embeddable":true,"href":"http:\/\/desarrollo.grupomedios.com\/futbol\/wp-json\/wp\/v2\/categories?post=514005"},{"taxonomy":"post_tag","embeddable":true,"href":"http:\/\/desarrollo.grupomedios.com\/futbol\/wp-json\/wp\/v2\/tags?post=514005"}],"curies":[{"name":"wp","href":"https:\/\/api.w.org\/{rel}","templated":true}]}}