{"id":514027,"date":"2018-01-09T13:22:03","date_gmt":"2018-01-09T19:22:03","guid":{"rendered":"https:\/\/www.futboltotal.com.mx\/?p=514027"},"modified":"2018-01-09T13:22:03","modified_gmt":"2018-01-09T19:22:03","slug":"edgar-castillo-nuevo-futbolista-de-la-mls","status":"publish","type":"post","link":"http:\/\/desarrollo.grupomedios.com\/futbol\/futbol-mexicano\/edgar-castillo-nuevo-futbolista-de-la-mls\/2018\/01","title":{"rendered":"Edgar Castillo es nuevo futbolista de la MLS"},"content":{"rendered":"<p>El lateral mexicano, <strong>Edgar Castillo<\/strong> dej\u00f3 a los <a href=\"https:\/\/www.futboltotal.com.mx\/futbol-mexicano\/liga-mx\/dorlan-pabon-dejaria-rayados-ir-a-palmeiras\/2018\/01\" target=\"_blank\" rel=\"noopener\"><strong>Rayados de Monterrey<\/strong><\/a> luego de dos a\u00f1os con el club para llegar a la <strong>MLS<\/strong> con el equipo de\u00a0<b>Colorado Rapids,\u00a0<\/b>luego que sus minutos en el campo de juego se vieran disminuidos con\u00a0<b>Antonio Mohamed,<\/b>\u00a0luego que en el \u00faltimo torneo apenas viera 90 minutos, por ello comenz\u00f3 a buscar nuevos aires.<\/p>\n<div class=\"adunit Box, fluid Only Articles HB - MT \" data-list-position=\"\">\n<p>\u00a0El jugador mand\u00f3 una carta en agradecimiento a los <strong>Rayados<\/strong> y dando a conocer su nuevo destino; &#8220;por medio de esta carta quiero informarles de mi futuro futbol\u00edstico para el a\u00f1o 2018, el cual ser\u00e1 en la\u00a0<b>Liga MLS<\/b>\u00a0con el equipo <strong>Colorado Rapids de Denver,<\/strong> Colorado, gracias al acuerdo entre ambas directivas, tanto la de Rayados como la de Rapids\u201d, expres\u00f3 el jugador.<\/p>\n<p style=\"text-align: center;\"><a href=\"https:\/\/www.futboltotal.com.mx\/futbol-mexicano\/liga-mx\/bruno-marioni-acepta-hubo-platicas-pumas\/2018\/01\">VER M\u00c1S: Bruno Marioni acepta que hubo pl\u00e1ticas con Pumas<\/a><\/p>\n<p>Por otra parte agradeci\u00f3 a los equipos donde milit\u00f3\u00a0<b>Xolos, Am\u00e9rica, Tigres, San Luis, Puebla, Atlas, Rayados y Sanos Laguna,\u00a0<\/b>este \u00faltimo en especial debido a que lo debutara en primera divisi\u00f3n.<\/p>\n<p>Su nuevo equipo resalt\u00f3 su trayectoria en el futbol mexicano, adem\u00e1s de lo que podr\u00e1 aportarle; \u201cEdgar es un jugador experimentado que<strong> se adapta al estilo de f\u00fatbol que queremos jugar<\/strong> y que agregar\u00e1 una dimensi\u00f3n diferente a nuestro ataque\u201d, dijo el Director Deportivo de Rapids y Gerente General Interino, P\u00e1draig Smith.<\/p>\n<blockquote class=\"twitter-tweet\" data-lang=\"es\">\n<p dir=\"ltr\" lang=\"en\">Glad to have you on our side, <a href=\"https:\/\/twitter.com\/edgarcastillo40?ref_src=twsrc%5Etfw\">@edgarcastillo40<\/a>!<\/p>\n<p>&#x1f4dd; ICYMI: <a href=\"https:\/\/t.co\/9KgFsybVdP\">https:\/\/t.co\/9KgFsybVdP<\/a> <a href=\"https:\/\/t.co\/vZsQXYqaqE\">pic.twitter.com\/vZsQXYqaqE<\/a><\/p>\n<p>\u2014 Colorado Rapids (@ColoradoRapids) <a href=\"https:\/\/twitter.com\/ColoradoRapids\/status\/950786359538606085?ref_src=twsrc%5Etfw\">9 de enero de 2018<\/a><\/p><\/blockquote>\n<p><script async src=\"https:\/\/platform.twitter.com\/widgets.js\" charset=\"utf-8\"><\/script><\/p>\n<p style=\"text-align: center;\"><a href=\"https:\/\/www.futboltotal.com.mx\/futbol-mexicano\/esta-es-la-nueva-maquina-de-cruz-azul\/2018\/01\">VER M\u00c1S: \u00a1Esta es la nueva M\u00e1quina de Cruz Azul!<\/a><\/p>\n<\/div>\n","protected":false},"excerpt":{"rendered":"<p>El lateral mexicano ha decidido continuar su carrera en Estados Unidos<\/p>\n","protected":false},"author":159,"featured_media":514029,"comment_status":"closed","ping_status":"closed","sticky":false,"template":"","format":"standard","meta":[],"categories":[2198,3845],"tags":[9028,3151,64,195,1329],"_links":{"self":[{"href":"http:\/\/desarrollo.grupomedios.com\/futbol\/wp-json\/wp\/v2\/posts\/514027"}],"collection":[{"href":"http:\/\/desarrollo.grupomedios.com\/futbol\/wp-json\/wp\/v2\/posts"}],"about":[{"href":"http:\/\/desarrollo.grupomedios.com\/futbol\/wp-json\/wp\/v2\/types\/post"}],"author":[{"embeddable":true,"href":"http:\/\/desarrollo.grupomedios.com\/futbol\/wp-json\/wp\/v2\/users\/159"}],"replies":[{"embeddable":true,"href":"http:\/\/desarrollo.grupomedios.com\/futbol\/wp-json\/wp\/v2\/comments?post=514027"}],"version-history":[{"count":1,"href":"http:\/\/desarrollo.grupomedios.com\/futbol\/wp-json\/wp\/v2\/posts\/514027\/revisions"}],"predecessor-version":[{"id":514031,"href":"http:\/\/desarrollo.grupomedios.com\/futbol\/wp-json\/wp\/v2\/posts\/514027\/revisions\/514031"}],"wp:featuredmedia":[{"embeddable":true,"href":"http:\/\/desarrollo.grupomedios.com\/futbol\/wp-json\/wp\/v2\/media\/514029"}],"wp:attachment":[{"href":"http:\/\/desarrollo.grupomedios.com\/futbol\/wp-json\/wp\/v2\/media?parent=514027"}],"wp:term":[{"taxonomy":"category","embeddable":true,"href":"http:\/\/desarrollo.grupomedios.com\/futbol\/wp-json\/wp\/v2\/categories?post=514027"},{"taxonomy":"post_tag","embeddable":true,"href":"http:\/\/desarrollo.grupomedios.com\/futbol\/wp-json\/wp\/v2\/tags?post=514027"}],"curies":[{"name":"wp","href":"https:\/\/api.w.org\/{rel}","templated":true}]}}