{"id":514028,"date":"2018-01-09T13:35:23","date_gmt":"2018-01-09T19:35:23","guid":{"rendered":"https:\/\/www.futboltotal.com.mx\/?p=514028"},"modified":"2018-01-09T15:46:37","modified_gmt":"2018-01-09T21:46:37","slug":"primer-problema-jeremy-menez-america","status":"publish","type":"post","link":"http:\/\/desarrollo.grupomedios.com\/futbol\/futbol-mexicano\/primer-problema-jeremy-menez-america\/2018\/01","title":{"rendered":"El primer problema de J\u00e9r\u00e9my M\u00e9nez con Am\u00e9rica"},"content":{"rendered":"<p>El argentino <strong>Leandro Cufr\u00e9<\/strong>, fue compa\u00f1ero de <strong>J\u00e9r\u00e9my M\u00e9nez<\/strong> en el <strong>M\u00f3naco<\/strong> durante un tiempo en la <strong>Ligue 1 de Francia<\/strong>, por lo que revel\u00f3 algunas cosas sobre el nuevo refuerzo del <strong>Am\u00e9rica<\/strong>.<\/p>\n<p>En entrevista con la cadena <em>Fox Sports<\/em>, el actual auxiliar de <strong>Santos Laguna<\/strong> platic\u00f3 sobre la forma de ser del ex atacante del <strong>Milan<\/strong> y <strong>PSG<\/strong> que est\u00e1 por llegar al cuadro de Coapa.<\/p>\n<p style=\"text-align: center;\"><span style=\"color: #3366ff;\"><a href=\"https:\/\/www.futboltotal.com.mx\/futbol-mexicano\/liga-mx\/america-ira-jackson-martinez-tras-quedarse-sin-jong\/2018\/01\">VER M\u00c1S: Am\u00e9rica ir\u00e1 por Jackson Mart\u00ednez tras quedarse sin De Jong<\/a><\/span><\/p>\n<p>\u201cCuando no le toca jugar es cuando \u00e9l se impacienta, trata de cambiar de aires y en ese cambio de aires muchas veces no le fue bien, le pas\u00f3 lo mismo que cuando se fue al Milan, cuando fue al PSG, \u00e9l se impacienta cuando no juega y es algo que quiz\u00e1 ahora, con el correr de los a\u00f1os, seguramente ha de haber crecido y tiene que saber que hay momentos para todo\u201d, expres\u00f3 Cufr\u00e9.<\/p>\n<p>A\u00fan as\u00ed considera que se trata de un jugador con caracter\u00edsticas sobresalientes que puede aportar a los azulcremas.<\/p>\n<p>\u201cA m\u00ed personalmente es un jugador que me encanta porque desequilibra, en mano a mano es un jugador muy h\u00e1bil y muy inteligente, busca las posiciones donde \u00e9l puede sacar ventaja.<\/p>\n<p>&#8220;Todo depende de las ganas que tenga, es un jugador extraordinario, necesita sentirse cobijado tanto por el plantel, como por la directiva y el ambiente\u201d, expres\u00f3.<\/p>\n<p><iframe loading=\"lazy\" src=\"https:\/\/www.youtube.com\/embed\/itsrZKZ9Yng?feature=oembed\" frameborder=\"0\" gesture=\"media\" allow=\"encrypted-media\" allowfullscreen><\/iframe><\/p>\n","protected":false},"excerpt":{"rendered":"<p>Leandro Cufr\u00e9 cont\u00f3 algunas cosas sobre el nuevo refuerzo de Am\u00e9rica.<\/p>\n","protected":false},"author":129,"featured_media":514033,"comment_status":"closed","ping_status":"closed","sticky":false,"template":"","format":"standard","meta":[],"categories":[2198,3845],"tags":[5959,3883,7303,535,6093],"_links":{"self":[{"href":"http:\/\/desarrollo.grupomedios.com\/futbol\/wp-json\/wp\/v2\/posts\/514028"}],"collection":[{"href":"http:\/\/desarrollo.grupomedios.com\/futbol\/wp-json\/wp\/v2\/posts"}],"about":[{"href":"http:\/\/desarrollo.grupomedios.com\/futbol\/wp-json\/wp\/v2\/types\/post"}],"author":[{"embeddable":true,"href":"http:\/\/desarrollo.grupomedios.com\/futbol\/wp-json\/wp\/v2\/users\/129"}],"replies":[{"embeddable":true,"href":"http:\/\/desarrollo.grupomedios.com\/futbol\/wp-json\/wp\/v2\/comments?post=514028"}],"version-history":[{"count":1,"href":"http:\/\/desarrollo.grupomedios.com\/futbol\/wp-json\/wp\/v2\/posts\/514028\/revisions"}],"predecessor-version":[{"id":514034,"href":"http:\/\/desarrollo.grupomedios.com\/futbol\/wp-json\/wp\/v2\/posts\/514028\/revisions\/514034"}],"wp:featuredmedia":[{"embeddable":true,"href":"http:\/\/desarrollo.grupomedios.com\/futbol\/wp-json\/wp\/v2\/media\/514033"}],"wp:attachment":[{"href":"http:\/\/desarrollo.grupomedios.com\/futbol\/wp-json\/wp\/v2\/media?parent=514028"}],"wp:term":[{"taxonomy":"category","embeddable":true,"href":"http:\/\/desarrollo.grupomedios.com\/futbol\/wp-json\/wp\/v2\/categories?post=514028"},{"taxonomy":"post_tag","embeddable":true,"href":"http:\/\/desarrollo.grupomedios.com\/futbol\/wp-json\/wp\/v2\/tags?post=514028"}],"curies":[{"name":"wp","href":"https:\/\/api.w.org\/{rel}","templated":true}]}}