{"id":514050,"date":"2018-01-09T15:28:04","date_gmt":"2018-01-09T21:28:04","guid":{"rendered":"https:\/\/www.futboltotal.com.mx\/?p=514050"},"modified":"2018-01-09T15:28:04","modified_gmt":"2018-01-09T21:28:04","slug":"me-trataron-mal-en-rayados-monterrey-neri-cardozo","status":"publish","type":"post","link":"http:\/\/desarrollo.grupomedios.com\/futbol\/futbol-mexicano\/me-trataron-mal-en-rayados-monterrey-neri-cardozo\/2018\/01","title":{"rendered":"Me trataron mal en Rayados de Monterrey: Neri Cardozo"},"content":{"rendered":"<p>Luego que se diera su salida de <a href=\"https:\/\/www.futboltotal.com.mx\/futbol-mexicano\/liga-mx\/edgar-castillo-nuevo-futbolista-de-la-mls\/2018\/01\" target=\"_blank\" rel=\"noopener\"><strong>Rayados de Monterrey<\/strong><\/a> para llegar a <strong>Racing Club<\/strong>, el volante argentino <strong>Neri Cardozo<\/strong> indic\u00f3 que hab\u00eda recibido un mal trato por parte de la directiva regia, por lo que decidi\u00f3 continuar su carrera en otro club, pues apenas quer\u00edan extenderle su contrato por seis meses m\u00e1s.<\/p>\n<p>\u201cLos dirigentes de<b>\u00a0Monterrey<\/b>\u00a0no quer\u00edan darme el contrato que yo ped\u00eda y decid\u00ed irme. En un principio buscaban renovarme solo por seis meses; me opuse. Ya hab\u00eda tomado la decisi\u00f3n de no seguir ah\u00ed porque <strong>no me trataron de buena manera<\/strong>\u201d, manifest\u00f3 para el diario Ol\u00e9 el jugador de 31 a\u00f1os.<\/p>\n<p style=\"text-align: center;\"><a href=\"https:\/\/www.futboltotal.com.mx\/futbol-mexicano\/liga-mx\/america-ira-jackson-martinez-tras-quedarse-sin-jong\/2018\/01\">VER M\u00c1S: Am\u00e9rica ir\u00e1 por Jackson Mart\u00ednez tras quedarse sin De Jong<\/a><\/p>\n<p>\u201cPensar que yo llevaba mucho tiempo en ese club, con muchos t\u00edtulos ganados (seis en Monterrey). <strong>No merec\u00eda ese trato<\/strong>. Ah\u00ed fue que le ped\u00ed a mi representante que me buscara otro equipo. Podr\u00eda haber seguido en M\u00e9xico o ir a San Lorenzo, pero eleg\u00ed Racing&#8221;, manifest\u00f3 el centrocampista.<\/p>\n<p>Por ello ahora Cardozo jugar\u00e1 en el Racing dirigido por <strong>Eduardo Coudet,<\/strong> quien tambi\u00e9n se marchara del futbol mexicano luego de dirigir a <strong>Xolos de Tijuana<\/strong>, fue cuando enfrent\u00f3 a Rayados que se convenci\u00f3 de solicitar al futbolista argentino y por ello decidi\u00f3 llevarlo a su nuevo equipo ante la necesidad de llevar refuerzos para la <strong>Copa Libertadores.<\/strong><\/p>\n<p style=\"text-align: center;\"><a href=\"https:\/\/www.futboltotal.com.mx\/futbol-mexicano\/liga-mx\/club-leon-ficha-a-delantero-jamaiquino-giles-barnes\/2018\/01\">VER M\u00c1S: Club Le\u00f3n ficha a delantero jamaiquino Giles Barnes<\/a><\/p>\n","protected":false},"excerpt":{"rendered":"<p>El argentino no se sinti\u00f3 apreciado con los regios para encarar el Clausura 2018<\/p>\n","protected":false},"author":159,"featured_media":514052,"comment_status":"closed","ping_status":"closed","sticky":false,"template":"","format":"standard","meta":[],"categories":[2198,3845],"tags":[64,11457,2250,168,1329],"_links":{"self":[{"href":"http:\/\/desarrollo.grupomedios.com\/futbol\/wp-json\/wp\/v2\/posts\/514050"}],"collection":[{"href":"http:\/\/desarrollo.grupomedios.com\/futbol\/wp-json\/wp\/v2\/posts"}],"about":[{"href":"http:\/\/desarrollo.grupomedios.com\/futbol\/wp-json\/wp\/v2\/types\/post"}],"author":[{"embeddable":true,"href":"http:\/\/desarrollo.grupomedios.com\/futbol\/wp-json\/wp\/v2\/users\/159"}],"replies":[{"embeddable":true,"href":"http:\/\/desarrollo.grupomedios.com\/futbol\/wp-json\/wp\/v2\/comments?post=514050"}],"version-history":[{"count":1,"href":"http:\/\/desarrollo.grupomedios.com\/futbol\/wp-json\/wp\/v2\/posts\/514050\/revisions"}],"predecessor-version":[{"id":514053,"href":"http:\/\/desarrollo.grupomedios.com\/futbol\/wp-json\/wp\/v2\/posts\/514050\/revisions\/514053"}],"wp:featuredmedia":[{"embeddable":true,"href":"http:\/\/desarrollo.grupomedios.com\/futbol\/wp-json\/wp\/v2\/media\/514052"}],"wp:attachment":[{"href":"http:\/\/desarrollo.grupomedios.com\/futbol\/wp-json\/wp\/v2\/media?parent=514050"}],"wp:term":[{"taxonomy":"category","embeddable":true,"href":"http:\/\/desarrollo.grupomedios.com\/futbol\/wp-json\/wp\/v2\/categories?post=514050"},{"taxonomy":"post_tag","embeddable":true,"href":"http:\/\/desarrollo.grupomedios.com\/futbol\/wp-json\/wp\/v2\/tags?post=514050"}],"curies":[{"name":"wp","href":"https:\/\/api.w.org\/{rel}","templated":true}]}}