{"id":514056,"date":"2018-01-09T16:09:59","date_gmt":"2018-01-09T22:09:59","guid":{"rendered":"https:\/\/www.futboltotal.com.mx\/?p=514056"},"modified":"2018-01-09T16:09:59","modified_gmt":"2018-01-09T22:09:59","slug":"van-nistelrooy-llena-elogios-al-chucky-lozano","status":"publish","type":"post","link":"http:\/\/desarrollo.grupomedios.com\/futbol\/futbol-internacional\/van-nistelrooy-llena-elogios-al-chucky-lozano\/2018\/01","title":{"rendered":"Van Nistelrooy llena de elogios al Chucky Lozano"},"content":{"rendered":"<p>El buen momento por el que pasa el extremo mexicano,<strong> Hirving &#8216;Chucky&#8217; Lozano<\/strong>, en el <strong>PSV Eindhoven<\/strong> no ha pasado nada desapercibido en Holanda y dentro del club un ex delantero de talla internacional, <strong>Ruud Van Nistelrooy<\/strong> lo ha llenado de elogios indicando que es un jugador incomparable en este momento con cualquier otro del mercado europeo.<\/p>\n<p>&#8220;Para m\u00ed <strong>&#8216;Chucky&#8217; Lozano<\/strong> es un extremo con muchas ganas de marcar goles, tiene desmarque, velocidad, t\u00e9cnica con el bal\u00f3n en el pie, para m\u00ed <strong>es \u00fanico<\/strong>, en su manera&#8230; <strong>el &#8216;Chucky&#8217; es el &#8216;Chucky&#8217; y no hay con quien comparar<\/strong>&#8220;, expres\u00f3 Ruud, parte del cuerpo t\u00e9cnico con los Granjeros en una entrevista para ESPN<\/p>\n<p style=\"text-align: center;\"><a href=\"https:\/\/www.futboltotal.com.mx\/futbol-mexicano\/liga-mx\/america-ira-jackson-martinez-tras-quedarse-sin-jong\/2018\/01\">VER M\u00c1S: Am\u00e9rica ir\u00e1 por Jackson Mart\u00ednez tras quedarse sin De Jong<\/a><\/p>\n<p>&#8220;Nosotros como club y yo como entrenador, somos muy felices de que est\u00e1 con nosotros, no s\u00f3lo por su parte futbol\u00edstica, tambi\u00e9n por su manera de ser, <strong>es muy humilde, trabajador, alegre<\/strong>, en el plantel tambi\u00e9n y entre la afici\u00f3n tambi\u00e9n es muy popular, muy querido. \u00bfQu\u00e9 m\u00e1s puedo decir?&#8221;, estableci\u00f3 quien fuera atacante del Real Madrid.<\/p>\n<p>Adem\u00e1s de sus cualidades como futbolista lo resalt\u00f3 como una persona valiosa, cualidades que lo han llevado a adaptarse con gran rapidez a la vida de Holanda junto a su familia.<\/p>\n<p>&#8220;Cuando vino nadie pod\u00eda esperar lo que ha hecho ya en la primera parte de la temporada, pero creo que su manera de vivir el futbol, <strong>c\u00f3mo trabaja, c\u00f3mo practica, c\u00f3mo se concentra y se fija en el futbol para cumplir su sue\u00f1o de ser lo mejor posible<\/strong>&#8230; son todas cualidades que le llevan a este nivel y tan r\u00e1pido, nadie lo pod\u00eda esperar, pero \u00e9l lo ha hecho&#8221;, finaliz\u00f3 la ex estrella.<\/p>\n<p style=\"text-align: center;\"><a href=\"https:\/\/www.futboltotal.com.mx\/futbol-mexicano\/liga-mx\/primer-problema-jeremy-menez-america\/2018\/01\">VER M\u00c1S: El primer problema de J\u00e9r\u00e9my M\u00e9nez con Am\u00e9rica<\/a><\/p>\n","protected":false},"excerpt":{"rendered":"<p>El mexicano se ha ganado las miradas en Europa gracias a su gran temporada<\/p>\n","protected":false},"author":159,"featured_media":514060,"comment_status":"closed","ping_status":"closed","sticky":false,"template":"","format":"standard","meta":[],"categories":[9721,3839],"tags":[6944,4420,5196,3224,9411],"_links":{"self":[{"href":"http:\/\/desarrollo.grupomedios.com\/futbol\/wp-json\/wp\/v2\/posts\/514056"}],"collection":[{"href":"http:\/\/desarrollo.grupomedios.com\/futbol\/wp-json\/wp\/v2\/posts"}],"about":[{"href":"http:\/\/desarrollo.grupomedios.com\/futbol\/wp-json\/wp\/v2\/types\/post"}],"author":[{"embeddable":true,"href":"http:\/\/desarrollo.grupomedios.com\/futbol\/wp-json\/wp\/v2\/users\/159"}],"replies":[{"embeddable":true,"href":"http:\/\/desarrollo.grupomedios.com\/futbol\/wp-json\/wp\/v2\/comments?post=514056"}],"version-history":[{"count":1,"href":"http:\/\/desarrollo.grupomedios.com\/futbol\/wp-json\/wp\/v2\/posts\/514056\/revisions"}],"predecessor-version":[{"id":514061,"href":"http:\/\/desarrollo.grupomedios.com\/futbol\/wp-json\/wp\/v2\/posts\/514056\/revisions\/514061"}],"wp:featuredmedia":[{"embeddable":true,"href":"http:\/\/desarrollo.grupomedios.com\/futbol\/wp-json\/wp\/v2\/media\/514060"}],"wp:attachment":[{"href":"http:\/\/desarrollo.grupomedios.com\/futbol\/wp-json\/wp\/v2\/media?parent=514056"}],"wp:term":[{"taxonomy":"category","embeddable":true,"href":"http:\/\/desarrollo.grupomedios.com\/futbol\/wp-json\/wp\/v2\/categories?post=514056"},{"taxonomy":"post_tag","embeddable":true,"href":"http:\/\/desarrollo.grupomedios.com\/futbol\/wp-json\/wp\/v2\/tags?post=514056"}],"curies":[{"name":"wp","href":"https:\/\/api.w.org\/{rel}","templated":true}]}}