{"id":514063,"date":"2018-01-09T17:00:52","date_gmt":"2018-01-09T23:00:52","guid":{"rendered":"https:\/\/www.futboltotal.com.mx\/?p=514063"},"modified":"2018-01-09T17:00:52","modified_gmt":"2018-01-09T23:00:52","slug":"puma-presenta-uniforme-sofisticado-rayados","status":"publish","type":"post","link":"http:\/\/desarrollo.grupomedios.com\/futbol\/futbol-mexicano\/puma-presenta-uniforme-sofisticado-rayados\/2018\/01","title":{"rendered":"Puma presenta &#8216;uniforme sofisticado&#8217; para Rayados"},"content":{"rendered":"<p><strong>Puma<\/strong> present\u00f3 el uniforme alternativo del <a href=\"https:\/\/www.futboltotal.com.mx\/futbol-mexicano\/liga-mx\/me-trataron-mal-en-rayados-monterrey-neri-cardozo\/2018\/01\" target=\"_blank\" rel=\"noopener\"><strong>Club Rayados de Monterrey<\/strong><\/a> para la temporada 2017-2018 bajo el lema <strong>&#8216;En la vida y en la Cancha&#8217;<\/strong>, logrando una versi\u00f3n distinguida\u00a0rompiendo con el patr\u00f3n de los colores tradicionales del equipo pero manteniendo su jerarqu\u00eda mejorando con ello la innovaci\u00f3n en el dise\u00f1o.<\/p>\n<p>La indumentaria es gris en un tono claro y con vivos en azul en mangas y cuello, el escudo destaca por dem\u00e1s\u00a0con una tela jaspeada tipo Heather. De igual manera cuenta con la inclusi\u00f3n de un transfer con el Formstripe institucional de Puma en hombros, brazos, y laterales del short en color azul marino.<\/p>\n<p style=\"text-align: center;\"><a href=\"https:\/\/www.futboltotal.com.mx\/futbol-mexicano\/liga-mx\/america-ira-jackson-martinez-tras-quedarse-sin-jong\/2018\/01\">VER M\u00c1S: Am\u00e9rica ir\u00e1 por Jackson Mart\u00ednez tras quedarse sin De Jong<\/a><\/p>\n<div id=\"attachment_514073\" style=\"width: 837px\" class=\"wp-caption aligncenter\"><img aria-describedby=\"caption-attachment-514073\" decoding=\"async\" loading=\"lazy\" class=\"size-full wp-image-514073\" src=\"https:\/\/www.futboltotal.com.mx\/wp-content\/uploads\/2018\/01\/rayados-jersey-3.jpg\" alt=\"En tono gris jugar\u00e1n los regios en este Clausura 2018\" srcset=\"http:\/\/desarrollo.grupomedios.com\/futbol\/wp-content\/uploads\/2018\/01\/rayados-jersey-3.jpg 827w, http:\/\/desarrollo.grupomedios.com\/futbol\/wp-content\/uploads\/2018\/01\/rayados-jersey-3-295x300.jpg 295w, http:\/\/desarrollo.grupomedios.com\/futbol\/wp-content\/uploads\/2018\/01\/rayados-jersey-3-768x782.jpg 768w\" sizes=\"(max-width: 827px) 100vw, 827px\" \/><p id=\"caption-attachment-514073\" class=\"wp-caption-text\">Rayados de Monterrey present\u00f3 su tercer uniforme de la mano de Puma M\u00e9xico<\/p><\/div>\n<div id=\"attachment_514072\" style=\"width: 544px\" class=\"wp-caption aligncenter\"><img aria-describedby=\"caption-attachment-514072\" decoding=\"async\" loading=\"lazy\" class=\"size-full wp-image-514072\" src=\"https:\/\/www.futboltotal.com.mx\/wp-content\/uploads\/2018\/01\/jersey-rayados-1-1.jpg\" alt=\"En tono gris jugar\u00e1n los regios en este Clausura 2018\" srcset=\"http:\/\/desarrollo.grupomedios.com\/futbol\/wp-content\/uploads\/2018\/01\/jersey-rayados-1-1.jpg 534w, http:\/\/desarrollo.grupomedios.com\/futbol\/wp-content\/uploads\/2018\/01\/jersey-rayados-1-1-192x300.jpg 192w\" sizes=\"(max-width: 534px) 100vw, 534px\" \/><p id=\"caption-attachment-514072\" class=\"wp-caption-text\">Rayados de Monterrey present\u00f3 su tercer uniforme de la mano de Puma M\u00e9xico<\/dd>\n<dd><\/p><\/div>\n<div id=\"attachment_514075\" style=\"width: 558px\" class=\"wp-caption aligncenter\"><img aria-describedby=\"caption-attachment-514075\" decoding=\"async\" loading=\"lazy\" class=\"size-full wp-image-514075\" src=\"https:\/\/www.futboltotal.com.mx\/wp-content\/uploads\/2018\/01\/rayados-jersey-4.jpg\" alt=\"En tono gris jugar\u00e1n los regios en este Clausura 2018\" srcset=\"http:\/\/desarrollo.grupomedios.com\/futbol\/wp-content\/uploads\/2018\/01\/rayados-jersey-4.jpg 548w, http:\/\/desarrollo.grupomedios.com\/futbol\/wp-content\/uploads\/2018\/01\/rayados-jersey-4-201x300.jpg 201w\" sizes=\"(max-width: 548px) 100vw, 548px\" \/><p id=\"caption-attachment-514075\" class=\"wp-caption-text\">Rayados de Monterrey present\u00f3 su tercer uniforme de la mano de Puma M\u00e9xico<\/p><\/div>\n<p style=\"text-align: center;\"><a href=\"https:\/\/www.futboltotal.com.mx\/futbol-mexicano\/liga-mx\/club-leon-ficha-a-delantero-jamaiquino-giles-barnes\/2018\/01\">VER M\u00c1S: Club Le\u00f3n ficha a delantero jamaiquino Giles Barnes<\/a><\/p>\n","protected":false},"excerpt":{"rendered":"<p>El conjunto de Monterrey tendr\u00e1 una nueva indumentaria para este Clausura 2018<\/p>\n","protected":false},"author":159,"featured_media":514076,"comment_status":"closed","ping_status":"closed","sticky":false,"template":"","format":"standard","meta":[],"categories":[2198,3845],"tags":[9028,64,4838,1329],"_links":{"self":[{"href":"http:\/\/desarrollo.grupomedios.com\/futbol\/wp-json\/wp\/v2\/posts\/514063"}],"collection":[{"href":"http:\/\/desarrollo.grupomedios.com\/futbol\/wp-json\/wp\/v2\/posts"}],"about":[{"href":"http:\/\/desarrollo.grupomedios.com\/futbol\/wp-json\/wp\/v2\/types\/post"}],"author":[{"embeddable":true,"href":"http:\/\/desarrollo.grupomedios.com\/futbol\/wp-json\/wp\/v2\/users\/159"}],"replies":[{"embeddable":true,"href":"http:\/\/desarrollo.grupomedios.com\/futbol\/wp-json\/wp\/v2\/comments?post=514063"}],"version-history":[{"count":1,"href":"http:\/\/desarrollo.grupomedios.com\/futbol\/wp-json\/wp\/v2\/posts\/514063\/revisions"}],"predecessor-version":[{"id":514077,"href":"http:\/\/desarrollo.grupomedios.com\/futbol\/wp-json\/wp\/v2\/posts\/514063\/revisions\/514077"}],"wp:featuredmedia":[{"embeddable":true,"href":"http:\/\/desarrollo.grupomedios.com\/futbol\/wp-json\/wp\/v2\/media\/514076"}],"wp:attachment":[{"href":"http:\/\/desarrollo.grupomedios.com\/futbol\/wp-json\/wp\/v2\/media?parent=514063"}],"wp:term":[{"taxonomy":"category","embeddable":true,"href":"http:\/\/desarrollo.grupomedios.com\/futbol\/wp-json\/wp\/v2\/categories?post=514063"},{"taxonomy":"post_tag","embeddable":true,"href":"http:\/\/desarrollo.grupomedios.com\/futbol\/wp-json\/wp\/v2\/tags?post=514063"}],"curies":[{"name":"wp","href":"https:\/\/api.w.org\/{rel}","templated":true}]}}