{"id":514078,"date":"2018-01-09T17:35:46","date_gmt":"2018-01-09T23:35:46","guid":{"rendered":"https:\/\/www.futboltotal.com.mx\/?p=514078"},"modified":"2018-01-10T14:18:47","modified_gmt":"2018-01-10T20:18:47","slug":"va-a-numero-jeremy-menez-america","status":"publish","type":"post","link":"http:\/\/desarrollo.grupomedios.com\/futbol\/destacado-home\/va-a-numero-jeremy-menez-america\/2018\/01","title":{"rendered":"\u00bfCu\u00e1l va a ser el n\u00famero de J\u00e9r\u00e9my M\u00e9nez con Am\u00e9rica?"},"content":{"rendered":"<p>El delantero franc\u00e9s <strong>J\u00e9r\u00e9my M\u00e9nez<\/strong> est\u00e1 muy cerca de llegar a la Ciudad de M\u00e9xico para enrolarse con las \u00c1guilas del Am\u00e9rica y ya se sabe que n\u00famero usar\u00e1.<\/p>\n<p>El futbolista galo utilizar\u00e1 el <strong>n\u00famero 20<\/strong>, dio a conocer el diario <em>Record<\/em>, despu\u00e9s de que los n\u00fameros que ha usado durante su carrera M\u00e9nez est\u00e1n ocupados en el equipo.<\/p>\n<p>El 7 lo tiene el brasile\u00f1o <strong>William Da Silva<\/strong> mientras que el 10 lo ostenta el paraguayo<strong> Cecilio Dom\u00ednguez<\/strong>.<\/p>\n<p style=\"text-align: center;\"><span style=\"color: #333399;\"><a href=\"https:\/\/www.futboltotal.com.mx\/futbol-mexicano\/primer-problema-jeremy-menez-america\/2018\/01\">VER M\u00c1S:\u00a0<span class=\"item-title\">El primer problema de J\u00e9r\u00e9my M\u00e9nez con Am\u00e9rica<\/span><\/a><\/span><\/p>\n<p>La situaci\u00f3n del n\u00famero <strong>no fue algo de conflicto<\/strong> para el jugador ni para el equipo americanista, quien espera su arribo en un menos de un par de horas.<\/p>\n<p>[video_player]https:\/\/player.vimeo.com\/external\/250495346.hd.mp4?s=d7af9f07ac12449b09c0bded4a83539bb4c6977e&#038;profile_id=175[\/video_player]<\/p>\n","protected":false},"excerpt":{"rendered":"<p>El futbolista franc\u00e9s ya tiene su dorsal para el Clausura 2018<\/p>\n","protected":false},"author":160,"featured_media":514080,"comment_status":"closed","ping_status":"closed","sticky":false,"template":"","format":"standard","meta":[],"categories":[5,2198,3845],"tags":[5959,7303],"_links":{"self":[{"href":"http:\/\/desarrollo.grupomedios.com\/futbol\/wp-json\/wp\/v2\/posts\/514078"}],"collection":[{"href":"http:\/\/desarrollo.grupomedios.com\/futbol\/wp-json\/wp\/v2\/posts"}],"about":[{"href":"http:\/\/desarrollo.grupomedios.com\/futbol\/wp-json\/wp\/v2\/types\/post"}],"author":[{"embeddable":true,"href":"http:\/\/desarrollo.grupomedios.com\/futbol\/wp-json\/wp\/v2\/users\/160"}],"replies":[{"embeddable":true,"href":"http:\/\/desarrollo.grupomedios.com\/futbol\/wp-json\/wp\/v2\/comments?post=514078"}],"version-history":[{"count":2,"href":"http:\/\/desarrollo.grupomedios.com\/futbol\/wp-json\/wp\/v2\/posts\/514078\/revisions"}],"predecessor-version":[{"id":514166,"href":"http:\/\/desarrollo.grupomedios.com\/futbol\/wp-json\/wp\/v2\/posts\/514078\/revisions\/514166"}],"wp:featuredmedia":[{"embeddable":true,"href":"http:\/\/desarrollo.grupomedios.com\/futbol\/wp-json\/wp\/v2\/media\/514080"}],"wp:attachment":[{"href":"http:\/\/desarrollo.grupomedios.com\/futbol\/wp-json\/wp\/v2\/media?parent=514078"}],"wp:term":[{"taxonomy":"category","embeddable":true,"href":"http:\/\/desarrollo.grupomedios.com\/futbol\/wp-json\/wp\/v2\/categories?post=514078"},{"taxonomy":"post_tag","embeddable":true,"href":"http:\/\/desarrollo.grupomedios.com\/futbol\/wp-json\/wp\/v2\/tags?post=514078"}],"curies":[{"name":"wp","href":"https:\/\/api.w.org\/{rel}","templated":true}]}}