{"id":514086,"date":"2018-01-09T19:08:52","date_gmt":"2018-01-10T01:08:52","guid":{"rendered":"https:\/\/www.futboltotal.com.mx\/?p=514086"},"modified":"2018-01-09T19:08:52","modified_gmt":"2018-01-10T01:08:52","slug":"jeremy-menez-da-mensaje-contundente-en-llegada-a-mexico","status":"publish","type":"post","link":"http:\/\/desarrollo.grupomedios.com\/futbol\/destacado-home\/jeremy-menez-da-mensaje-contundente-en-llegada-a-mexico\/2018\/01","title":{"rendered":"J\u00e9r\u00e9my M\u00e9nez da un mensaje contundente en su llegada a M\u00e9xico"},"content":{"rendered":"<p>El jugador franc\u00e9s <strong>J\u00e9r\u00e9my M\u00e9nez<\/strong> ha llegado a M\u00e9xico para vivir sus primeros minutos como americanista.<\/p>\n<p>En el <strong>Aeropuerto Internacional de la Ciudad de M\u00e9xico<\/strong>, el internacional galo fue esperado por una gran cantidad de aficionados que quisieron ver la llegada del \u00eddolo azulcrema a nuestro pa\u00eds.<\/p>\n<p>M\u00e9nez ya luce los colores amarillo y azul desde su llegada, y con un mensaje muy cari\u00f1oso dio la bienvenida a su llegada a <strong>M\u00e9xico<\/strong>.<\/p>\n<blockquote class=\"twitter-video\" data-lang=\"es\">\n<p dir=\"ltr\" lang=\"und\"> <a href=\"https:\/\/t.co\/n6wNDYOdAX\">pic.twitter.com\/n6wNDYOdAX<\/a><\/p>\n<p>\u2014 Club Am\u00e9rica (@ClubAmerica) <a href=\"https:\/\/twitter.com\/ClubAmerica\/status\/950887225566298112?ref_src=twsrc%5Etfw\">10 de enero de 2018<\/a><\/p><\/blockquote>\n<p><script async src=\"https:\/\/platform.twitter.com\/widgets.js\" charset=\"utf-8\"><\/script><\/p>\n<p>El futbolista franc\u00e9s fue recibido por alrededor de<strong> 250 aficionados<\/strong> americanistas que esperaban ver por primera vez al europeo en su llegada a M\u00e9xico.<\/p>\n<p>Entre fotos y aut\u00f3grafos, arrib\u00f3 M\u00e9nez a la Ciudad de M\u00e9xico, donde tratar\u00e1 de ser el m\u00e1ximo referente de las <strong>\u00c1guilas del Am\u00e9rica<\/strong>.<\/p>\n","protected":false},"excerpt":{"rendered":"<p>El franc\u00e9s ya hizo su arribo a la Ciudad de M\u00e9xico<\/p>\n","protected":false},"author":160,"featured_media":514087,"comment_status":"closed","ping_status":"closed","sticky":false,"template":"","format":"standard","meta":[],"categories":[5,2198,3845],"tags":[5959,7303],"_links":{"self":[{"href":"http:\/\/desarrollo.grupomedios.com\/futbol\/wp-json\/wp\/v2\/posts\/514086"}],"collection":[{"href":"http:\/\/desarrollo.grupomedios.com\/futbol\/wp-json\/wp\/v2\/posts"}],"about":[{"href":"http:\/\/desarrollo.grupomedios.com\/futbol\/wp-json\/wp\/v2\/types\/post"}],"author":[{"embeddable":true,"href":"http:\/\/desarrollo.grupomedios.com\/futbol\/wp-json\/wp\/v2\/users\/160"}],"replies":[{"embeddable":true,"href":"http:\/\/desarrollo.grupomedios.com\/futbol\/wp-json\/wp\/v2\/comments?post=514086"}],"version-history":[{"count":1,"href":"http:\/\/desarrollo.grupomedios.com\/futbol\/wp-json\/wp\/v2\/posts\/514086\/revisions"}],"predecessor-version":[{"id":514088,"href":"http:\/\/desarrollo.grupomedios.com\/futbol\/wp-json\/wp\/v2\/posts\/514086\/revisions\/514088"}],"wp:featuredmedia":[{"embeddable":true,"href":"http:\/\/desarrollo.grupomedios.com\/futbol\/wp-json\/wp\/v2\/media\/514087"}],"wp:attachment":[{"href":"http:\/\/desarrollo.grupomedios.com\/futbol\/wp-json\/wp\/v2\/media?parent=514086"}],"wp:term":[{"taxonomy":"category","embeddable":true,"href":"http:\/\/desarrollo.grupomedios.com\/futbol\/wp-json\/wp\/v2\/categories?post=514086"},{"taxonomy":"post_tag","embeddable":true,"href":"http:\/\/desarrollo.grupomedios.com\/futbol\/wp-json\/wp\/v2\/tags?post=514086"}],"curies":[{"name":"wp","href":"https:\/\/api.w.org\/{rel}","templated":true}]}}