{"id":514097,"date":"2018-01-09T22:01:28","date_gmt":"2018-01-10T04:01:28","guid":{"rendered":"https:\/\/www.futboltotal.com.mx\/?p=514097"},"modified":"2018-01-09T22:01:28","modified_gmt":"2018-01-10T04:01:28","slug":"chivas-luto-fallece-interprete-del-himno-del-rebano-sagrado","status":"publish","type":"post","link":"http:\/\/desarrollo.grupomedios.com\/futbol\/futbol-mexicano\/chivas-luto-fallece-interprete-del-himno-del-rebano-sagrado\/2018\/01","title":{"rendered":"Chivas de luto; fallece el int\u00e9rprete del himno del Reba\u00f1o Sagrado"},"content":{"rendered":"<p>Las <strong>Chivas<\/strong> est\u00e1n de luto. El int\u00e9rprete del <strong>Himno Oficial<\/strong> de las Chivas falleci\u00f3 este martes, dio a conocer el goleador del equipo, <strong>Alan Pulido<\/strong>.<\/p>\n<p><strong>Jos\u00e9 Manuel Correa<\/strong> fue el primer hombre que cant\u00f3 el himno en el estadio durante los juegos de local del equipo rojiblanco.<\/p>\n<p>La letra fue escrita por <strong>Luis Aguil\u00e9<\/strong> pero Correa fue el encargado de interpretarla en los partidos m\u00e1s importantes de las Chivas.<\/p>\n<p><img decoding=\"async\" loading=\"lazy\" class=\"alignnone size-full wp-image-514098\" src=\"https:\/\/www.futboltotal.com.mx\/wp-content\/uploads\/2018\/01\/pulido-instagram.jpg\" alt=\"Chivas de luto; fallece el int\u00e9rprete del himno del Reba\u00f1o Sagrado 0\" srcset=\"http:\/\/desarrollo.grupomedios.com\/futbol\/wp-content\/uploads\/2018\/01\/pulido-instagram.jpg 300w, http:\/\/desarrollo.grupomedios.com\/futbol\/wp-content\/uploads\/2018\/01\/pulido-instagram-180x300.jpg 180w\" sizes=\"(max-width: 300px) 100vw, 300px\" \/><\/p>\n<p>Alan Pulido public\u00f3 el mensaje en su cuenta de <em>Instagram<\/em> donde dio un agradecimiento a Correa por la forma en c\u00f3mo interpretaba las sagradas notas del Reba\u00f1o.<\/p>\n","protected":false},"excerpt":{"rendered":"<p>El Reba\u00f1o Sagrado perdi\u00f3 a Jos\u00e9 Manuel Correa<\/p>\n","protected":false},"author":160,"featured_media":514099,"comment_status":"closed","ping_status":"closed","sticky":false,"template":"","format":"standard","meta":[],"categories":[2198,3845],"tags":[1607,70,11543],"_links":{"self":[{"href":"http:\/\/desarrollo.grupomedios.com\/futbol\/wp-json\/wp\/v2\/posts\/514097"}],"collection":[{"href":"http:\/\/desarrollo.grupomedios.com\/futbol\/wp-json\/wp\/v2\/posts"}],"about":[{"href":"http:\/\/desarrollo.grupomedios.com\/futbol\/wp-json\/wp\/v2\/types\/post"}],"author":[{"embeddable":true,"href":"http:\/\/desarrollo.grupomedios.com\/futbol\/wp-json\/wp\/v2\/users\/160"}],"replies":[{"embeddable":true,"href":"http:\/\/desarrollo.grupomedios.com\/futbol\/wp-json\/wp\/v2\/comments?post=514097"}],"version-history":[{"count":1,"href":"http:\/\/desarrollo.grupomedios.com\/futbol\/wp-json\/wp\/v2\/posts\/514097\/revisions"}],"predecessor-version":[{"id":514100,"href":"http:\/\/desarrollo.grupomedios.com\/futbol\/wp-json\/wp\/v2\/posts\/514097\/revisions\/514100"}],"wp:featuredmedia":[{"embeddable":true,"href":"http:\/\/desarrollo.grupomedios.com\/futbol\/wp-json\/wp\/v2\/media\/514099"}],"wp:attachment":[{"href":"http:\/\/desarrollo.grupomedios.com\/futbol\/wp-json\/wp\/v2\/media?parent=514097"}],"wp:term":[{"taxonomy":"category","embeddable":true,"href":"http:\/\/desarrollo.grupomedios.com\/futbol\/wp-json\/wp\/v2\/categories?post=514097"},{"taxonomy":"post_tag","embeddable":true,"href":"http:\/\/desarrollo.grupomedios.com\/futbol\/wp-json\/wp\/v2\/tags?post=514097"}],"curies":[{"name":"wp","href":"https:\/\/api.w.org\/{rel}","templated":true}]}}