{"id":514129,"date":"2018-01-10T11:19:37","date_gmt":"2018-01-10T17:19:37","guid":{"rendered":"https:\/\/www.futboltotal.com.mx\/?p=514129"},"modified":"2018-01-10T11:19:37","modified_gmt":"2018-01-10T17:19:37","slug":"kevin-bruyne-quiere-fichaje-alexis-sanchez-manchester-city","status":"publish","type":"post","link":"http:\/\/desarrollo.grupomedios.com\/futbol\/futbol-internacional\/kevin-bruyne-quiere-fichaje-alexis-sanchez-manchester-city\/2018\/01","title":{"rendered":"Kevin de Bruyne quiere el fichaje de Alexis para el Manchester City"},"content":{"rendered":"<p>El jugador del <strong>Manchester City<\/strong> <strong>Kevin De Bruyne<\/strong> asegur\u00f3 este martes, tras derrotar al <strong>Bristol City<\/strong> en la ida de las semifinales de la<strong> Copa de la Liga (Carabao Cup)<\/strong>, que un hipot\u00e9tico fichaje del chileno <strong>Alexis S\u00e1nchez<\/strong> por los <em>Citizens<\/em>\u00a0&#8220;aportar\u00eda algo al equipo&#8221;.<\/p>\n<p>&#8220;Es un muy buen jugador. Obviamente, veremos qu\u00e9 pasa en este periodo de fichajes&#8221;, relat\u00f3 el belga en declaraciones recogidas por medios brit\u00e1nicos.<\/p>\n<p>&#8220;Si un buen jugador viene, eso es bueno para nosotros. En estos momentos estamos en un buen momento. Todo el mundo est\u00e1 haciendo un gran trabajo. Si \u00e9l (Alexis) viene, aportar\u00e1 algo al equipo&#8221;, continu\u00f3.<\/p>\n<p style=\"text-align: center;\"><span style=\"color: #3366ff;\"><a href=\"https:\/\/www.futboltotal.com.mx\/futbol-mexicano\/liga-mx\/landon-donovan-jugara-en-la-liga-mx\/2018\/01\">VER M\u00c1S: Landon Donovan jugar\u00e1 en la Liga MX<\/a><\/span><\/p>\n<p>Alexis, de 29 a\u00f1os, es una de las piezas clave del proyecto de <strong>Arsene Wenger<\/strong> en el <strong>Arsenal,<\/strong> pero, al igual que <strong>Mesut \u00d6zil<\/strong>, finaliza contrato en junio, por lo que, de no ser vendido en este mes de enero, podr\u00eda salir gratis del club <em>Gunner<\/em>\u00a0este verano.<\/p>\n<p>Por su parte, De Bruyne, que anot\u00f3 el gol del empate en la victoria ante el Bristol City (2-1), est\u00e1 cerca de firmar una extensi\u00f3n de su contrato actual con el Manchester City, aunque el belga asegur\u00f3 que a\u00fan no hay nada cerrado.<\/p>\n<p>&#8220;Estamos a\u00fan en negociaciones. Estoy esperando una oferta del club, pero mi agente ha estado de vacaciones en las \u00faltimas tres semanas. No hay nada nuevo por el momento. No tengo prisa porque a\u00fan tengo contrato para tres a\u00f1os y medio m\u00e1s&#8221;, concluy\u00f3 el internacional por <strong>B\u00e9lgica<\/strong>. EFE<\/p>\n<p><iframe loading=\"lazy\" src=\"https:\/\/www.youtube.com\/embed\/ctXBz-MJUMU?feature=oembed\" frameborder=\"0\" allow=\"autoplay; encrypted-media\" allowfullscreen><\/iframe><\/p>\n","protected":false},"excerpt":{"rendered":"<p>Los Citizens ven con buenos ojos la llegada del chileno.<\/p>\n","protected":false},"author":129,"featured_media":498828,"comment_status":"closed","ping_status":"closed","sticky":false,"template":"","format":"standard","meta":[],"categories":[3839,3846],"tags":[6053,6044,5679,5993],"_links":{"self":[{"href":"http:\/\/desarrollo.grupomedios.com\/futbol\/wp-json\/wp\/v2\/posts\/514129"}],"collection":[{"href":"http:\/\/desarrollo.grupomedios.com\/futbol\/wp-json\/wp\/v2\/posts"}],"about":[{"href":"http:\/\/desarrollo.grupomedios.com\/futbol\/wp-json\/wp\/v2\/types\/post"}],"author":[{"embeddable":true,"href":"http:\/\/desarrollo.grupomedios.com\/futbol\/wp-json\/wp\/v2\/users\/129"}],"replies":[{"embeddable":true,"href":"http:\/\/desarrollo.grupomedios.com\/futbol\/wp-json\/wp\/v2\/comments?post=514129"}],"version-history":[{"count":1,"href":"http:\/\/desarrollo.grupomedios.com\/futbol\/wp-json\/wp\/v2\/posts\/514129\/revisions"}],"predecessor-version":[{"id":514132,"href":"http:\/\/desarrollo.grupomedios.com\/futbol\/wp-json\/wp\/v2\/posts\/514129\/revisions\/514132"}],"wp:featuredmedia":[{"embeddable":true,"href":"http:\/\/desarrollo.grupomedios.com\/futbol\/wp-json\/wp\/v2\/media\/498828"}],"wp:attachment":[{"href":"http:\/\/desarrollo.grupomedios.com\/futbol\/wp-json\/wp\/v2\/media?parent=514129"}],"wp:term":[{"taxonomy":"category","embeddable":true,"href":"http:\/\/desarrollo.grupomedios.com\/futbol\/wp-json\/wp\/v2\/categories?post=514129"},{"taxonomy":"post_tag","embeddable":true,"href":"http:\/\/desarrollo.grupomedios.com\/futbol\/wp-json\/wp\/v2\/tags?post=514129"}],"curies":[{"name":"wp","href":"https:\/\/api.w.org\/{rel}","templated":true}]}}