{"id":514147,"date":"2018-01-10T12:54:56","date_gmt":"2018-01-10T18:54:56","guid":{"rendered":"https:\/\/www.futboltotal.com.mx\/?p=514147"},"modified":"2018-01-10T12:54:56","modified_gmt":"2018-01-10T18:54:56","slug":"marco-bueno-jugara-en-futbol-chileno","status":"publish","type":"post","link":"http:\/\/desarrollo.grupomedios.com\/futbol\/futbol-mexicano\/marco-bueno-jugara-en-futbol-chileno\/2018\/01","title":{"rendered":"Marco Bueno jugar\u00e1 en el futbol chileno"},"content":{"rendered":"<p>El delantero mexicano, <strong>Marco Bueno<\/strong> ya no estar\u00eda en planes con los <a href=\"https:\/\/www.futboltotal.com.mx\/futbol-mexicano\/liga-mx\/german-cano-le-dice-adios-a-los-tuzos-pachuca\/2018\/01\" target=\"_blank\" rel=\"noopener\"><strong>Tuzos de Pachuca<\/strong><\/a> para este<strong> Clausura 2018<\/strong> y lo mandar\u00edan a probarse al <mark>futbol chileno con el <strong>Everton<\/strong><\/mark>, lo que significar\u00eda su primer experiencia fuera del futbol mexicano; <mark>se ir\u00e1 a pr\u00e9stamo por seis meses<\/mark>. El atacante es recordado por haber salido campe\u00f3n con la <strong>Selecci\u00f3n Mexicana Sub 17\u00a0<\/strong>en 2011.<\/p>\n<p>El futbolista de 23 a\u00f1os ya no encontr\u00f3 acomodo en el futbol mexicano y ya se encuentra en <strong>Vi\u00f1a del Mar<\/strong> para jugar en el futbol chileno, pues aprovech\u00f3 que <strong>Grupo Pachuca<\/strong>, liderado por <strong>Jes\u00fas Mart\u00ednez<\/strong> tiene parte en el equipo como grupo empresarial, por ello se dio la transacci\u00f3n con facilidad.<\/p>\n<p style=\"text-align: center;\"><a href=\"https:\/\/www.futboltotal.com.mx\/futbol-mexicano\/liga-mx\/america-insiste-delantero-la-premier-league\/2018\/01\">VER M\u00c1S: Am\u00e9rica insiste por delantero de la Premier League<\/a><\/p>\n<p>A pesar de tener un largo recorrido en primera divisi\u00f3n con equipos como <strong>Pachuca, Club Le\u00f3n, <a href=\"https:\/\/www.futboltotal.com.mx\/futbol-mexicano\/liga-mx\/toluca-donde-estan-los-campeones-goleo\/2018\/01\" target=\"_blank\" rel=\"noopener\">Toluca<\/a>, <a href=\"https:\/\/www.futboltotal.com.mx\/futbol-mexicano\/liga-mx\/chivas-luto-fallece-interprete-del-himno-del-rebano-sagrado\/2018\/01\" target=\"_blank\" rel=\"noopener\">Chivas de Guadalajara<\/a> y Rayados de Monterrey<\/strong>, el delantero no ha logrado afianzarse, su m\u00e1ximo de goles lo vivi\u00f3 en la <strong>Liga de Ascenso MX<\/strong> con <strong>Estudiantes Tecos<\/strong> logrando 5 anotaciones en 2014.<\/p>\n<div>\n<p>El joven atacante no es el primer mexicano que juega en el equipo chileno, pues\u00a0<mark><strong>Steven Almeida, Carlos Vel\u00e1zquez, Nahum G\u00f3mez e Iv\u00e1n Ochoa<\/strong><\/mark>, <em>este \u00faltimo que fuera nombrado de los mejores en el torneo andino que termin\u00f3<\/em>, han jugado en el Everton.<\/p>\n<p style=\"text-align: center;\"><a href=\"https:\/\/www.futboltotal.com.mx\/futbol-mexicano\/esta-es-la-nueva-maquina-de-cruz-azul\/2018\/01\">VER M\u00c1S: \u00a1Esta es la nueva M\u00e1quina de Cruz Azul!<\/a><\/p>\n<\/div>\n<div><\/div>\n<div class=\"insert-post-ads\"><\/div>\n","protected":false},"excerpt":{"rendered":"<p>El delantero mexicano no encontr\u00f3 acomodo con alg\u00fan equipo de la Liga MX<\/p>\n","protected":false},"author":159,"featured_media":514148,"comment_status":"closed","ping_status":"closed","sticky":false,"template":"","format":"standard","meta":[],"categories":[2198,3845],"tags":[406,219,64,3056,3408,5541],"_links":{"self":[{"href":"http:\/\/desarrollo.grupomedios.com\/futbol\/wp-json\/wp\/v2\/posts\/514147"}],"collection":[{"href":"http:\/\/desarrollo.grupomedios.com\/futbol\/wp-json\/wp\/v2\/posts"}],"about":[{"href":"http:\/\/desarrollo.grupomedios.com\/futbol\/wp-json\/wp\/v2\/types\/post"}],"author":[{"embeddable":true,"href":"http:\/\/desarrollo.grupomedios.com\/futbol\/wp-json\/wp\/v2\/users\/159"}],"replies":[{"embeddable":true,"href":"http:\/\/desarrollo.grupomedios.com\/futbol\/wp-json\/wp\/v2\/comments?post=514147"}],"version-history":[{"count":1,"href":"http:\/\/desarrollo.grupomedios.com\/futbol\/wp-json\/wp\/v2\/posts\/514147\/revisions"}],"predecessor-version":[{"id":514149,"href":"http:\/\/desarrollo.grupomedios.com\/futbol\/wp-json\/wp\/v2\/posts\/514147\/revisions\/514149"}],"wp:featuredmedia":[{"embeddable":true,"href":"http:\/\/desarrollo.grupomedios.com\/futbol\/wp-json\/wp\/v2\/media\/514148"}],"wp:attachment":[{"href":"http:\/\/desarrollo.grupomedios.com\/futbol\/wp-json\/wp\/v2\/media?parent=514147"}],"wp:term":[{"taxonomy":"category","embeddable":true,"href":"http:\/\/desarrollo.grupomedios.com\/futbol\/wp-json\/wp\/v2\/categories?post=514147"},{"taxonomy":"post_tag","embeddable":true,"href":"http:\/\/desarrollo.grupomedios.com\/futbol\/wp-json\/wp\/v2\/tags?post=514147"}],"curies":[{"name":"wp","href":"https:\/\/api.w.org\/{rel}","templated":true}]}}