{"id":514159,"date":"2018-01-10T14:06:42","date_gmt":"2018-01-10T20:06:42","guid":{"rendered":"https:\/\/www.futboltotal.com.mx\/?p=514159"},"modified":"2018-01-10T14:25:15","modified_gmt":"2018-01-10T20:25:15","slug":"en-queretaro-ya-estan-esperando-a-matias-britos","status":"publish","type":"post","link":"http:\/\/desarrollo.grupomedios.com\/futbol\/futbol-mexicano\/en-queretaro-ya-estan-esperando-a-matias-britos\/2018\/01","title":{"rendered":"En Quer\u00e9taro ya est\u00e1n esperando a Mat\u00edas Britos"},"content":{"rendered":"<p>A pesar que la negociaci\u00f3n de <a href=\"https:\/\/www.futboltotal.com.mx\/futbol-mexicano\/liga-mx\/matias-britos-se-sumaria-gallos-queretaro\/2018\/01\" target=\"_blank\" rel=\"noopener\"><strong>Mat\u00edas Britos<\/strong><\/a> y <strong>Quer\u00e9taro<\/strong> se ha mantenido, incluso el pasado domingo ya estuvo en la ciudad para afinar detalles, el estratega de los Gallos,\u00a0<b>Luis Fernando Tena,\u00a0<\/b>indic\u00f3 que todav\u00eda existen complicaciones al respecto pero espera que todo llegue a buen puerto y poder contar con \u00e9l cuanto antes.<\/p>\n<p><em>&#8220;Es una negociaci\u00f3n complicada, <mark>entre Pumas, los \u00e1rabes y Quer\u00e9taro<\/mark>,\u00a0lo m\u00e1s importante es que el jugador ha puesto mucha disposici\u00f3n, tenemos fe en que esto tenga un final feliz y <mark>que pronto pueda estar entrenando con nosotros<\/mark>&#8220;<\/em>, declar\u00f3 el estratega en conferencia de prensa.<\/p>\n<p style=\"text-align: center;\"><a href=\"https:\/\/www.futboltotal.com.mx\/futbol-mexicano\/liga-mx\/landon-donovan-jugara-en-la-liga-mx\/2018\/01\">VER M\u00c1S: Landon Donovan jugar\u00e1 en la Liga MX<\/a><\/p>\n<p>Incluso estableci\u00f3 que el jugador tiene una gran disposici\u00f3n para sumarse con los queretanos e incluso ha estado entrenando en la ciudad; &#8220;Mat\u00edas est\u00e1 en una gran disposici\u00f3n de jugar en Gallos,<mark> ha estado entrenando aqu\u00ed en Quer\u00e9taro solo<\/mark> y hasta el momento no puede estar con nosotros&#8221;, indic\u00f3 el &#8216;Flaco&#8217;.<\/p>\n<p>Por otro lado indic\u00f3 que la posibilidad que llegue otro futbolista no lo tiene preocupado, pues ve con buenos ojos a su plantel, quien se enfrentar\u00e1 el pr\u00f3ximo s\u00e1bado a los <strong>Lobos BUAP<\/strong>; &#8220;el otro refuerzo no nos preocupa mucho, ya veo al plantel listo y afinado, si viene otro, qu\u00e9 mejor&#8221;, indic\u00f3.<\/p>\n<p style=\"text-align: center;\"><a href=\"https:\/\/www.futboltotal.com.mx\/futbol-mexicano\/liga-mx\/toluca-donde-estan-los-campeones-goleo\/2018\/01\">VER M\u00c1S: Toluca; \u00bfD\u00f3nde est\u00e1n los campeones de goleo?<\/a><\/p>\n<p>&nbsp;<\/p>\n","protected":false},"excerpt":{"rendered":"<p>El estratega Luis Fernando Tena espera que las negociaciones tengan un final feliz para Gallos<\/p>\n","protected":false},"author":159,"featured_media":514160,"comment_status":"closed","ping_status":"closed","sticky":false,"template":"","format":"standard","meta":[],"categories":[2198,3845],"tags":[9028,11248,64,436],"_links":{"self":[{"href":"http:\/\/desarrollo.grupomedios.com\/futbol\/wp-json\/wp\/v2\/posts\/514159"}],"collection":[{"href":"http:\/\/desarrollo.grupomedios.com\/futbol\/wp-json\/wp\/v2\/posts"}],"about":[{"href":"http:\/\/desarrollo.grupomedios.com\/futbol\/wp-json\/wp\/v2\/types\/post"}],"author":[{"embeddable":true,"href":"http:\/\/desarrollo.grupomedios.com\/futbol\/wp-json\/wp\/v2\/users\/159"}],"replies":[{"embeddable":true,"href":"http:\/\/desarrollo.grupomedios.com\/futbol\/wp-json\/wp\/v2\/comments?post=514159"}],"version-history":[{"count":1,"href":"http:\/\/desarrollo.grupomedios.com\/futbol\/wp-json\/wp\/v2\/posts\/514159\/revisions"}],"predecessor-version":[{"id":514162,"href":"http:\/\/desarrollo.grupomedios.com\/futbol\/wp-json\/wp\/v2\/posts\/514159\/revisions\/514162"}],"wp:featuredmedia":[{"embeddable":true,"href":"http:\/\/desarrollo.grupomedios.com\/futbol\/wp-json\/wp\/v2\/media\/514160"}],"wp:attachment":[{"href":"http:\/\/desarrollo.grupomedios.com\/futbol\/wp-json\/wp\/v2\/media?parent=514159"}],"wp:term":[{"taxonomy":"category","embeddable":true,"href":"http:\/\/desarrollo.grupomedios.com\/futbol\/wp-json\/wp\/v2\/categories?post=514159"},{"taxonomy":"post_tag","embeddable":true,"href":"http:\/\/desarrollo.grupomedios.com\/futbol\/wp-json\/wp\/v2\/tags?post=514159"}],"curies":[{"name":"wp","href":"https:\/\/api.w.org\/{rel}","templated":true}]}}