{"id":514168,"date":"2018-01-10T14:45:40","date_gmt":"2018-01-10T20:45:40","guid":{"rendered":"https:\/\/www.futboltotal.com.mx\/?p=514168"},"modified":"2018-01-10T14:47:07","modified_gmt":"2018-01-10T20:47:07","slug":"miguel-herrera-cierra-la-puerta-a-jackson-martinez","status":"publish","type":"post","link":"http:\/\/desarrollo.grupomedios.com\/futbol\/futbol-mexicano\/miguel-herrera-cierra-la-puerta-a-jackson-martinez\/2018\/01","title":{"rendered":"Miguel Herrera le cierra la puerta a Jackson Mart\u00ednez"},"content":{"rendered":"<p>El estratega de las <strong>\u00c1guilas del Am\u00e9rica<\/strong>, <strong>Miguel Herrera<\/strong> cerr\u00f3 la puerta a los rumores que pon\u00edan a <a href=\"https:\/\/www.futboltotal.com.mx\/futbol-mexicano\/liga-mx\/america-ira-jackson-martinez-tras-quedarse-sin-jong\/2018\/01\" target=\"_blank\" rel=\"noopener\"><strong>Jackson Mart\u00ednez<\/strong><\/a> en la <strong>Liga MX<\/strong> con el conjunto de Coapa, asegurando que no acompa\u00f1ar\u00e1 a\u00a0<a href=\"https:\/\/www.futboltotal.com.mx\/futbol-mexicano\/liga-mx\/andres-ibarguen-llego-a-la-cdmx-para-para-enrolarse-con-america\/2018\/01\" target=\"_blank\" rel=\"noopener\"><strong>Andr\u00e9s Ibarg\u00fcen<\/strong><\/a> y <a href=\"https:\/\/www.futboltotal.com.mx\/futbol-mexicano\/liga-mx\/primer-problema-jeremy-menez-america\/2018\/01\" target=\"_blank\" rel=\"noopener\"><strong>J\u00e9r\u00e9my M\u00e9nez<\/strong><\/a> como refuerzos para este <strong>Clausura 2018<\/strong>; sin embargo la llegada de\u00a0<strong><a href=\"https:\/\/www.futboltotal.com.mx\/futbol-mexicano\/liga-mx\/america-insiste-delantero-la-premier-league\/2018\/01\" target=\"_blank\" rel=\"noopener\">Aleksandar Mitrovic<\/a>\u00a0<\/strong>es otro de los nombres que se manejan alrededor de Coapa.<\/p>\n<p>&#8220;Jackson est\u00e1 lastimado. Sigue siendo un jugador atractivo pare el futbol mexicano pero <mark>desafortunadamente sigue con una lesi\u00f3n que parece tardar\u00e1 dos meses m\u00e1s en recuperarse<\/mark>\u201d, expres\u00f3 el &#8216;Piojo&#8217; en una entrevista para ESPN, aclarando que el futbolista no tiene posibilidades de llegar con el equipo azulcrema.<\/p>\n<p style=\"text-align: center;\"><a href=\"https:\/\/www.futboltotal.com.mx\/futbol-mexicano\/liga-mx\/landon-donovan-jugara-en-la-liga-mx\/2018\/01\">VER M\u00c1S: Landon Donovan jugar\u00e1 en la Liga MX<\/a><\/p>\n<p>Adem\u00e1s el estratega indic\u00f3 que el futbolista colombiano que juega actualmente en el\u00a0<strong>Guangzhou Evergrande<\/strong> de China no est\u00e1 listo para llegar al Am\u00e9rica; &#8220;<mark>no es un jugador que en este momento nos llam\u00e9 la atenci\u00f3n<\/mark>, las soluciones en Am\u00e9rica son de manera inmediata, no a largo plazo\u201d, finaliz\u00f3.<\/p>\n<p>Lo cierto es que el cuadro americanista est\u00e1 buscando un refuerzo m\u00e1s para apuntalar la delantera luego que la salida del argentino <a href=\"https:\/\/www.futboltotal.com.mx\/futbol-mexicano\/liga-mx\/silvio-romero-listo-llegar-a-river-plate\/2018\/01\" target=\"_blank\" rel=\"noopener\"><strong>Silvio Romero<\/strong><\/a> parece inminente y desean un delantero que venga de primer nivel como quedaron evidenciados despu\u00e9s del inter\u00e9s por el holand\u00e9s <strong>Luuk De Jong<\/strong> y al senegal\u00e9s <strong>Demba Ba<\/strong>.<\/p>\n<p style=\"text-align: center;\"><a href=\"https:\/\/www.futboltotal.com.mx\/futbol-mexicano\/liga-mx\/en-queretaro-ya-estan-esperando-a-matias-britos\/2018\/01\">VER M\u00c1S: En Quer\u00e9taro ya est\u00e1n esperando a Mat\u00edas Britos<\/a><\/p>\n<p>&nbsp;<\/p>\n","protected":false},"excerpt":{"rendered":"<p>El estratega de las \u00c1guilas del Am\u00e9rica consider\u00f3 que el delantero no est\u00e1 listo para sumarse a la Liga MX<\/p>\n","protected":false},"author":159,"featured_media":514173,"comment_status":"closed","ping_status":"closed","sticky":false,"template":"","format":"standard","meta":[],"categories":[2198,3845],"tags":[5959,9028,6039,64,255],"_links":{"self":[{"href":"http:\/\/desarrollo.grupomedios.com\/futbol\/wp-json\/wp\/v2\/posts\/514168"}],"collection":[{"href":"http:\/\/desarrollo.grupomedios.com\/futbol\/wp-json\/wp\/v2\/posts"}],"about":[{"href":"http:\/\/desarrollo.grupomedios.com\/futbol\/wp-json\/wp\/v2\/types\/post"}],"author":[{"embeddable":true,"href":"http:\/\/desarrollo.grupomedios.com\/futbol\/wp-json\/wp\/v2\/users\/159"}],"replies":[{"embeddable":true,"href":"http:\/\/desarrollo.grupomedios.com\/futbol\/wp-json\/wp\/v2\/comments?post=514168"}],"version-history":[{"count":1,"href":"http:\/\/desarrollo.grupomedios.com\/futbol\/wp-json\/wp\/v2\/posts\/514168\/revisions"}],"predecessor-version":[{"id":514172,"href":"http:\/\/desarrollo.grupomedios.com\/futbol\/wp-json\/wp\/v2\/posts\/514168\/revisions\/514172"}],"wp:featuredmedia":[{"embeddable":true,"href":"http:\/\/desarrollo.grupomedios.com\/futbol\/wp-json\/wp\/v2\/media\/514173"}],"wp:attachment":[{"href":"http:\/\/desarrollo.grupomedios.com\/futbol\/wp-json\/wp\/v2\/media?parent=514168"}],"wp:term":[{"taxonomy":"category","embeddable":true,"href":"http:\/\/desarrollo.grupomedios.com\/futbol\/wp-json\/wp\/v2\/categories?post=514168"},{"taxonomy":"post_tag","embeddable":true,"href":"http:\/\/desarrollo.grupomedios.com\/futbol\/wp-json\/wp\/v2\/tags?post=514168"}],"curies":[{"name":"wp","href":"https:\/\/api.w.org\/{rel}","templated":true}]}}