{"id":514189,"date":"2018-01-10T17:09:54","date_gmt":"2018-01-10T23:09:54","guid":{"rendered":"https:\/\/www.futboltotal.com.mx\/?p=514189"},"modified":"2018-01-10T17:09:54","modified_gmt":"2018-01-10T23:09:54","slug":"moises-munoz-tendra-competencia-en-puebla-nuevo-portero","status":"publish","type":"post","link":"http:\/\/desarrollo.grupomedios.com\/futbol\/futbol-mexicano\/moises-munoz-tendra-competencia-en-puebla-nuevo-portero\/2018\/01","title":{"rendered":"Mois\u00e9s Mu\u00f1oz tendr\u00e1 competencia en el Puebla con nuevo portero"},"content":{"rendered":"<p>En <strong>Puebla<\/strong> parece que est\u00e1n cansados de los errores de <strong>Mois\u00e9s Mu\u00f1oz<\/strong> y le pondr\u00e1n competencia, pues el portero uruguayo <strong>Nicol\u00e1s Vikonis<\/strong> ser\u00e1 anunciado como nuevo refuerzo de los <em>Camoteros<\/em> cuando llegue a M\u00e9xico, listo para defender la porter\u00eda.<\/p>\n<p>Sin embargo, para <strong>Enrique Meza<\/strong>, t\u00e9cnico de <em>La Franja<\/em>, la llegada de otro arquero no quiere decir que le quitar\u00e1 el lugar a <em>Moy<\/em> de la noche a la ma\u00f1ana a pesar de sus errores.<\/p>\n<p style=\"text-align: center;\"><span style=\"color: #3366ff;\"><a href=\"https:\/\/www.futboltotal.com.mx\/futbol-mexicano\/liga-mx\/america-estaria-buscando-a-raul-jimenez-en-prestamo\/2018\/01\">VER M\u00c1S: Am\u00e9rica estar\u00eda buscando a Ra\u00fal Jim\u00e9nez en pr\u00e9stamo<\/a><\/span><\/p>\n<p>&#8220;Mois\u00e9s s\u00ed se equivoc\u00f3 y se equivoc\u00f3 en el pasado, pero es un gran arquero y el hecho de que traigamos otro portero no quiere decir que le quitar\u00e1 el puesto. Quiere decir que van a disputarse con lealtad un puesto que tiene alto grado de riesgo\u201d, coment\u00f3.<\/p>\n<p>https:\/\/twitter.com\/ClubPueblaMX\/status\/951225104309956608<\/p>\n<p>Sobre el duelo de este viernes, donde Meza se reencontrar\u00e1 con <strong>Morelia<\/strong> y su exauxiliar <strong>Eugenio Villaz\u00f3n<\/strong>, <em>el Ojitos<\/em> reconoci\u00f3 que el cuadro de <strong>Roberto Hern\u00e1ndez<\/strong> ha mejorado mucho.<\/p>\n<p>&#8220;Morelia es un rival dif\u00edcil, est\u00e1 jugando bien. es un rival dif\u00edcil. Lleg\u00f3 a la <strong>Liguilla<\/strong> e hizo un papel bastante bueno. Le han dado mucha seriedad a su juego, esperamos un rival sumamente dif\u00edcil\u201d.<\/p>\n<p><iframe loading=\"lazy\" src=\"https:\/\/www.youtube.com\/embed\/2rK0DC5ridk?feature=oembed\" frameborder=\"0\" allow=\"autoplay; encrypted-media\" allowfullscreen><\/iframe><\/p>\n","protected":false},"excerpt":{"rendered":"<p>El club camotero le pondr\u00e1 competencia a Moy.<\/p>\n","protected":false},"author":129,"featured_media":514202,"comment_status":"closed","ping_status":"closed","sticky":false,"template":"","format":"standard","meta":[],"categories":[2198,3845],"tags":[3883,64,635,784],"_links":{"self":[{"href":"http:\/\/desarrollo.grupomedios.com\/futbol\/wp-json\/wp\/v2\/posts\/514189"}],"collection":[{"href":"http:\/\/desarrollo.grupomedios.com\/futbol\/wp-json\/wp\/v2\/posts"}],"about":[{"href":"http:\/\/desarrollo.grupomedios.com\/futbol\/wp-json\/wp\/v2\/types\/post"}],"author":[{"embeddable":true,"href":"http:\/\/desarrollo.grupomedios.com\/futbol\/wp-json\/wp\/v2\/users\/129"}],"replies":[{"embeddable":true,"href":"http:\/\/desarrollo.grupomedios.com\/futbol\/wp-json\/wp\/v2\/comments?post=514189"}],"version-history":[{"count":1,"href":"http:\/\/desarrollo.grupomedios.com\/futbol\/wp-json\/wp\/v2\/posts\/514189\/revisions"}],"predecessor-version":[{"id":514203,"href":"http:\/\/desarrollo.grupomedios.com\/futbol\/wp-json\/wp\/v2\/posts\/514189\/revisions\/514203"}],"wp:featuredmedia":[{"embeddable":true,"href":"http:\/\/desarrollo.grupomedios.com\/futbol\/wp-json\/wp\/v2\/media\/514202"}],"wp:attachment":[{"href":"http:\/\/desarrollo.grupomedios.com\/futbol\/wp-json\/wp\/v2\/media?parent=514189"}],"wp:term":[{"taxonomy":"category","embeddable":true,"href":"http:\/\/desarrollo.grupomedios.com\/futbol\/wp-json\/wp\/v2\/categories?post=514189"},{"taxonomy":"post_tag","embeddable":true,"href":"http:\/\/desarrollo.grupomedios.com\/futbol\/wp-json\/wp\/v2\/tags?post=514189"}],"curies":[{"name":"wp","href":"https:\/\/api.w.org\/{rel}","templated":true}]}}